
  
{"id":12276,"date":"2025-06-02T11:53:00","date_gmt":"2025-06-02T09:53:00","guid":{"rendered":"https:\/\/www.integratecnologia.es\/la-innovacion-necesaria\/?p=12276"},"modified":"2025-07-28T12:21:48","modified_gmt":"2025-07-28T10:21:48","slug":"como-disenar-una-estrategia-de-formacion-eficaz-en-tu-empresa","status":"publish","type":"post","link":"https:\/\/www.integratecnologia.es\/la-innovacion-necesaria\/como-disenar-una-estrategia-de-formacion-eficaz-en-tu-empresa\/","title":{"rendered":"C\u00f3mo dise\u00f1ar una estrategia de formaci\u00f3n eficaz en tu empresa"},"content":{"rendered":"\n<p>Dise\u00f1ar una estrategia de formaci\u00f3n alineada con los objetivos del negocio es una apuesta directa por la sostenibilidad y la competitividad. Ya no se trata \u00fanicamente de ofrecer formaci\u00f3n, sino de construir un modelo de aprendizaje adaptado al contexto real de la organizaci\u00f3n, capaz de generar impacto, evolucionar con el tiempo y convertirse en una palanca de transformaci\u00f3n. Este art\u00edculo recoge los elementos clave que deben guiar cualquier plan formativo empresarial s\u00f3lido.<\/p>\n\n\n\n<div id=\"ez-toc-container\" class=\"ez-toc-v2_0_82_2 counter-hierarchy ez-toc-counter ez-toc-custom ez-toc-container-direction\">\n<div class=\"ez-toc-title-container\">\n<p class=\"ez-toc-title\" style=\"cursor:inherit\">\u00cdndice de contenidos <\/p>\n<span class=\"ez-toc-title-toggle\"><a href=\"#\" class=\"ez-toc-pull-right ez-toc-btn ez-toc-btn-xs ez-toc-btn-default ez-toc-toggle\" aria-label=\"Alternar tabla de contenidos\"><span class=\"ez-toc-js-icon-con\"><span class=\"\"><span class=\"eztoc-hide\" style=\"display:none;\">Toggle<\/span><span class=\"ez-toc-icon-toggle-span\"><svg style=\"fill: #3acdef;color:#3acdef\" xmlns=\"http:\/\/www.w3.org\/2000\/svg\" class=\"list-377408\" width=\"20px\" height=\"20px\" viewBox=\"0 0 24 24\" fill=\"none\"><path d=\"M6 6H4v2h2V6zm14 0H8v2h12V6zM4 11h2v2H4v-2zm16 0H8v2h12v-2zM4 16h2v2H4v-2zm16 0H8v2h12v-2z\" fill=\"currentColor\"><\/path><\/svg><svg style=\"fill: #3acdef;color:#3acdef\" class=\"arrow-unsorted-368013\" xmlns=\"http:\/\/www.w3.org\/2000\/svg\" width=\"10px\" height=\"10px\" viewBox=\"0 0 24 24\" version=\"1.2\" baseProfile=\"tiny\"><path d=\"M18.2 9.3l-6.2-6.3-6.2 6.3c-.2.2-.3.4-.3.7s.1.5.3.7c.2.2.4.3.7.3h11c.3 0 .5-.1.7-.3.2-.2.3-.5.3-.7s-.1-.5-.3-.7zM5.8 14.7l6.2 6.3 6.2-6.3c.2-.2.3-.5.3-.7s-.1-.5-.3-.7c-.2-.2-.4-.3-.7-.3h-11c-.3 0-.5.1-.7.3-.2.2-.3.5-.3.7s.1.5.3.7z\"\/><\/svg><\/span><\/span><\/span><\/a><\/span><\/div>\n<nav><ul class='ez-toc-list ez-toc-list-level-1 ' ><li class='ez-toc-page-1 ez-toc-heading-level-2'><a class=\"ez-toc-link ez-toc-heading-1\" href=\"https:\/\/www.integratecnologia.es\/la-innovacion-necesaria\/como-disenar-una-estrategia-de-formacion-eficaz-en-tu-empresa\/#diagnostico-previo-%c2%bfpor-que-y-para-que-formar\" >Diagn\u00f3stico previo: \u00bfpor qu\u00e9 y para qu\u00e9 formar?<\/a><\/li><li class='ez-toc-page-1 ez-toc-heading-level-2'><a class=\"ez-toc-link ez-toc-heading-2\" href=\"https:\/\/www.integratecnologia.es\/la-innovacion-necesaria\/como-disenar-una-estrategia-de-formacion-eficaz-en-tu-empresa\/#objetivos-claros-y-medibles\" >Objetivos claros y medibles<\/a><\/li><li class='ez-toc-page-1 ez-toc-heading-level-2'><a class=\"ez-toc-link ez-toc-heading-3\" href=\"https:\/\/www.integratecnologia.es\/la-innovacion-necesaria\/como-disenar-una-estrategia-de-formacion-eficaz-en-tu-empresa\/#metodologia-y-formato-como-y-con-que-aprender\" >Metodolog\u00eda y formato: c\u00f3mo y con qu\u00e9 aprender<\/a><\/li><li class='ez-toc-page-1 ez-toc-heading-level-2'><a class=\"ez-toc-link ez-toc-heading-4\" href=\"https:\/\/www.integratecnologia.es\/la-innovacion-necesaria\/como-disenar-una-estrategia-de-formacion-eficaz-en-tu-empresa\/#tecnologia-como-aliada-del-aprendizaje\" >Tecnolog\u00eda como aliada del aprendizaje<\/a><\/li><li class='ez-toc-page-1 ez-toc-heading-level-2'><a class=\"ez-toc-link ez-toc-heading-5\" href=\"https:\/\/www.integratecnologia.es\/la-innovacion-necesaria\/como-disenar-una-estrategia-de-formacion-eficaz-en-tu-empresa\/#recursos-disponibles-como-financiar-la-formacion\" >Recursos disponibles: c\u00f3mo financiar la formaci\u00f3n<\/a><\/li><li class='ez-toc-page-1 ez-toc-heading-level-2'><a class=\"ez-toc-link ez-toc-heading-6\" href=\"https:\/\/www.integratecnologia.es\/la-innovacion-necesaria\/como-disenar-una-estrategia-de-formacion-eficaz-en-tu-empresa\/#evaluacion-y-mejora-continua\" >Evaluaci\u00f3n y mejora continua<\/a><\/li><\/ul><\/nav><\/div>\n<h2 class=\"wp-block-heading\"><span class=\"ez-toc-section\" id=\"diagnostico-previo-%c2%bfpor-que-y-para-que-formar\"><\/span><strong>Diagn\u00f3stico previo: \u00bfpor qu\u00e9 y para qu\u00e9 formar?<\/strong><span class=\"ez-toc-section-end\"><\/span><\/h2>\n\n\n\n<p>Antes de definir contenidos, metodolog\u00edas o plataformas, es necesario entender qu\u00e9 necesidades existen realmente. La formaci\u00f3n no debe partir de una intuici\u00f3n, sino de un an\u00e1lisis estructurado. Este diagn\u00f3stico implica <strong>cruzar la estrategia de negocio con las competencias actuales y futuras<\/strong> que el equipo necesita desarrollar.<\/p>\n\n\n\n<p>Herramientas como las evaluaciones de desempe\u00f1o, los mapas de talento o las encuestas de clima laboral permiten identificar brechas de conocimiento y anticipar futuros escenarios. Esta etapa es tambi\u00e9n una oportunidad para involucrar a las personas y recoger su percepci\u00f3n sobre qu\u00e9 necesitan aprender para aportar m\u00e1s valor a su rol.<\/p>\n\n\n\n<h2 class=\"wp-block-heading\"><span class=\"ez-toc-section\" id=\"objetivos-claros-y-medibles\"><\/span><strong>Objetivos claros y medibles<\/strong><span class=\"ez-toc-section-end\"><\/span><\/h2>\n\n\n\n<p>Un plan de formaci\u00f3n eficaz se articula en torno a objetivos espec\u00edficos, alineados con el rumbo estrat\u00e9gico de la empresa. No basta con formar \u201cporque toca\u201d, sino que cada acci\u00f3n debe responder a una meta concreta: reducir errores operativos, acortar tiempos de respuesta, mejorar la experiencia de cliente o preparar a los equipos para nuevos procesos o tecnolog\u00edas.<\/p>\n\n\n\n<p>Estos objetivos deben traducirse en <strong>indicadores medibles<\/strong> que permitan valorar el impacto real de la formaci\u00f3n. La evaluaci\u00f3n debe ir m\u00e1s all\u00e1 de la asistencia o la satisfacci\u00f3n inmediata, incorporando m\u00e9tricas sobre aplicaci\u00f3n pr\u00e1ctica, mejora de rendimiento o resultados de negocio vinculados.<\/p>\n\n\n\n<h2 class=\"wp-block-heading\"><span class=\"ez-toc-section\" id=\"metodologia-y-formato-como-y-con-que-aprender\"><\/span><strong>Metodolog\u00eda y formato: c\u00f3mo y con qu\u00e9 aprender<\/strong><span class=\"ez-toc-section-end\"><\/span><\/h2>\n\n\n\n<p>La elecci\u00f3n del enfoque metodol\u00f3gico debe considerar los tiempos, perfiles y necesidades de cada colectivo. Hoy existen m\u00faltiples posibilidades para dise\u00f1ar experiencias de aprendizaje flexibles, accesibles y efectivas:<\/p>\n\n\n\n<ul class=\"wp-block-list\">\n<li>El <strong>microlearning<\/strong> facilita el consumo de contenidos breves y aplicables en el flujo de trabajo diario.<\/li>\n\n\n\n<li>La <strong>formaci\u00f3n a medida<\/strong> permite adaptar los contenidos a los procesos, herramientas y realidades concretas de la empresa.<\/li>\n\n\n\n<li>La <strong>virtualizaci\u00f3n de contenidos<\/strong> ayuda a escalar la formaci\u00f3n y asegurar la consistencia en grandes organizaciones o entornos distribuidos.<\/li>\n\n\n\n<li>Las <strong><a href=\"https:\/\/www.integratecnologia.es\/la-innovacion-necesaria\/como-elegir-una-plataforma-e-learning-para-empresas\/\" title=\"\">plataformas e-learning<\/a><\/strong> centralizan la gesti\u00f3n, trazabilidad y personalizaci\u00f3n del aprendizaje, ofreciendo una experiencia m\u00e1s aut\u00f3noma y controlada.<\/li>\n<\/ul>\n\n\n\n<p>El uso combinado de formatos sincr\u00f3nicos y asincr\u00f3nicos permite adaptar el ritmo formativo al d\u00eda a d\u00eda de las personas, sin sacrificar profundidad ni aplicabilidad.<\/p>\n\n\n\n<h2 class=\"wp-block-heading\"><span class=\"ez-toc-section\" id=\"tecnologia-como-aliada-del-aprendizaje\"><\/span><strong>Tecnolog\u00eda como aliada del aprendizaje<\/strong><span class=\"ez-toc-section-end\"><\/span><\/h2>\n\n\n\n<p>La tecnolog\u00eda no solo facilita el acceso a la formaci\u00f3n, sino que la transforma. Las nuevas soluciones incorporan <strong><a href=\"https:\/\/www.integratecnologia.es\/la-innovacion-necesaria\/la-formacion-en-inteligencia-artificial-un-impulso-necesario-para-las-empresas\/\" title=\"\">inteligencia artificial<\/a><\/strong> para personalizar itinerarios, recomendar contenidos relevantes o adaptar el nivel de dificultad en funci\u00f3n del progreso de cada persona.<\/p>\n\n\n\n<p>Adem\u00e1s, el an\u00e1lisis de datos permite visualizar el avance formativo, detectar patrones de abandono o identificar \u00e1reas donde se necesita refuerzo. La combinaci\u00f3n de estas funcionalidades convierte al aprendizaje en un proceso continuo, m\u00e1s conectado con el desempe\u00f1o diario.<\/p>\n\n\n\n<p>La integraci\u00f3n de <strong>tecnolog\u00edas inmersivas o interactivas<\/strong> tambi\u00e9n ampl\u00eda las posibilidades formativas en \u00e1reas complejas como la atenci\u00f3n al cliente, el liderazgo o la seguridad operativa.<\/p>\n\n\n\n<h2 class=\"wp-block-heading\"><span class=\"ez-toc-section\" id=\"recursos-disponibles-como-financiar-la-formacion\"><\/span><strong>Recursos disponibles: c\u00f3mo financiar la formaci\u00f3n<\/strong><span class=\"ez-toc-section-end\"><\/span><\/h2>\n\n\n\n<p>El presupuesto no deber\u00eda ser una barrera para impulsar una buena estrategia. En Espa\u00f1a, las empresas pueden acceder a <strong><a href=\"https:\/\/www.integratecnologia.es\/articulos\/creditos-fundae-para-la-formacion-en-empresas-una-oportunidad-para-crecer\" title=\"\">cr\u00e9ditos FUNDAE<\/a><\/strong>, una herramienta de financiaci\u00f3n p\u00fablica que permite recuperar parte de la inversi\u00f3n en formaci\u00f3n mediante bonificaciones en las cotizaciones a la Seguridad Social.<\/p>\n\n\n\n<p>Para aprovechar este recurso, es fundamental conocer los requisitos, plazos y condiciones de la Fundaci\u00f3n Estatal para la Formaci\u00f3n en el Empleo. Una correcta planificaci\u00f3n y gesti\u00f3n de estos cr\u00e9ditos permite multiplicar el alcance del plan formativo sin necesidad de aumentar el gasto real.<\/p>\n\n\n\n<p>Contar con<strong> <a href=\"https:\/\/www.integratecnologia.es\/formacion-in-company\" title=\"\">proveedores especializados<\/a><\/strong> en este tipo de <strong>formaci\u00f3n bonificada<\/strong> facilita el proceso y evita errores administrativos que puedan limitar la bonificaci\u00f3n.<\/p>\n\n\n\n<h2 class=\"wp-block-heading\"><span class=\"ez-toc-section\" id=\"evaluacion-y-mejora-continua\"><\/span><strong>Evaluaci\u00f3n y mejora continua<\/strong><span class=\"ez-toc-section-end\"><\/span><\/h2>\n\n\n\n<p>El impacto de la formaci\u00f3n no se mide en certificados ni en horas formativas. La verdadera evaluaci\u00f3n se realiza en los procesos, en la toma de decisiones, en la eficiencia operativa y en la satisfacci\u00f3n de clientes y empleados.<\/p>\n\n\n\n<p>Por eso, es importante establecer mecanismos de <strong>seguimiento y mejora continua<\/strong>. Las encuestas de impacto, la observaci\u00f3n de cambios en los indicadores de desempe\u00f1o y la revisi\u00f3n peri\u00f3dica de los objetivos formativos permiten ajustar la estrategia y mantenerla viva.<\/p>\n\n\n\n<p>Adem\u00e1s, es recomendable generar espacios de reflexi\u00f3n donde los equipos compartan aprendizajes, intercambien buenas pr\u00e1cticas y propongan nuevas necesidades formativas desde su experiencia en el terreno.<\/p>\n\n\n\n<p><\/p>\n\n\n\n<p>Una estrategia de formaci\u00f3n eficaz no consiste en acumular cursos o plataformas, sino en construir un modelo formativo coherente con el negocio, centrado en las personas y conectado con los resultados. Requiere <strong>an\u00e1lisis, dise\u00f1o pedag\u00f3gico, apoyo tecnol\u00f3gico y compromiso a largo plazo.<\/strong><\/p>\n\n\n\n<p>La formaci\u00f3n es una herramienta de <strong>transformaci\u00f3n cultural, de <a href=\"https:\/\/www.integratecnologia.es\/articulos\/formacion-estrategica-como-impulsar-el-talento-interno\" title=\"\">desarrollo del talento<\/a> y de crecimiento sostenible<\/strong>. Y empieza con una decisi\u00f3n consciente: poner el aprendizaje en el centro de la estrategia.<\/p>\n\n\n\n<p><\/p>\n","protected":false},"excerpt":{"rendered":"<p>Dise\u00f1ar una estrategia de formaci\u00f3n alineada con los objetivos del negocio es una apuesta directa por la sostenibilidad y la competitividad. Ya no se trata \u00fanicamente de ofrecer formaci\u00f3n, sino de construir un modelo de aprendizaje adaptado al contexto real de la organizaci\u00f3n, capaz de generar impacto, evolucionar con el tiempo y convertirse en una [&hellip;]<\/p>\n","protected":false},"author":135,"featured_media":12280,"comment_status":"closed","ping_status":"open","sticky":false,"template":"","format":"standard","meta":{"_acf_changed":false,"om_disable_all_campaigns":false,"_genesis_hide_title":false,"_genesis_hide_breadcrumbs":false,"_genesis_hide_singular_image":false,"_genesis_hide_footer_widgets":false,"_genesis_custom_body_class":"","_genesis_custom_post_class":"","_genesis_layout":"","footnotes":""},"categories":[84],"tags":[],"class_list":{"0":"post-12276","1":"post","2":"type-post","3":"status-publish","4":"format-standard","5":"has-post-thumbnail","7":"category-gestion-del-talento","8":"entry"},"acf":[],"aioseo_notices":[],"_links":{"self":[{"href":"https:\/\/www.integratecnologia.es\/la-innovacion-necesaria\/wp-json\/wp\/v2\/posts\/12276","targetHints":{"allow":["GET"]}}],"collection":[{"href":"https:\/\/www.integratecnologia.es\/la-innovacion-necesaria\/wp-json\/wp\/v2\/posts"}],"about":[{"href":"https:\/\/www.integratecnologia.es\/la-innovacion-necesaria\/wp-json\/wp\/v2\/types\/post"}],"author":[{"embeddable":true,"href":"https:\/\/www.integratecnologia.es\/la-innovacion-necesaria\/wp-json\/wp\/v2\/users\/135"}],"replies":[{"embeddable":true,"href":"https:\/\/www.integratecnologia.es\/la-innovacion-necesaria\/wp-json\/wp\/v2\/comments?post=12276"}],"version-history":[{"count":4,"href":"https:\/\/www.integratecnologia.es\/la-innovacion-necesaria\/wp-json\/wp\/v2\/posts\/12276\/revisions"}],"predecessor-version":[{"id":12282,"href":"https:\/\/www.integratecnologia.es\/la-innovacion-necesaria\/wp-json\/wp\/v2\/posts\/12276\/revisions\/12282"}],"wp:featuredmedia":[{"embeddable":true,"href":"https:\/\/www.integratecnologia.es\/la-innovacion-necesaria\/wp-json\/wp\/v2\/media\/12280"}],"wp:attachment":[{"href":"https:\/\/www.integratecnologia.es\/la-innovacion-necesaria\/wp-json\/wp\/v2\/media?parent=12276"}],"wp:term":[{"taxonomy":"category","embeddable":true,"href":"https:\/\/www.integratecnologia.es\/la-innovacion-necesaria\/wp-json\/wp\/v2\/categories?post=12276"},{"taxonomy":"post_tag","embeddable":true,"href":"https:\/\/www.integratecnologia.es\/la-innovacion-necesaria\/wp-json\/wp\/v2\/tags?post=12276"}],"curies":[{"name":"wp","href":"https:\/\/api.w.org\/{rel}","templated":true}]}}