
  
{"id":3217,"date":"2017-12-20T09:39:49","date_gmt":"2017-12-20T08:39:49","guid":{"rendered":"https:\/\/www.integratecnologia.es\/la-innovacion-necesaria\/?p=3217"},"modified":"2025-06-04T17:41:05","modified_gmt":"2025-06-04T15:41:05","slug":"gdpr-ventaja-competitiva-y-soluciones-para-las-empresas","status":"publish","type":"post","link":"https:\/\/www.integratecnologia.es\/la-innovacion-necesaria\/gdpr-ventaja-competitiva-y-soluciones-para-las-empresas\/","title":{"rendered":"GDPR: ventaja competitiva y soluciones para las empresas"},"content":{"rendered":"<div id=\"ez-toc-container\" class=\"ez-toc-v2_0_82_2 counter-hierarchy ez-toc-counter ez-toc-custom ez-toc-container-direction\">\n<div class=\"ez-toc-title-container\">\n<p class=\"ez-toc-title\" style=\"cursor:inherit\">\u00cdndice de contenidos <\/p>\n<span class=\"ez-toc-title-toggle\"><a href=\"#\" class=\"ez-toc-pull-right ez-toc-btn ez-toc-btn-xs ez-toc-btn-default ez-toc-toggle\" aria-label=\"Alternar tabla de contenidos\"><span class=\"ez-toc-js-icon-con\"><span class=\"\"><span class=\"eztoc-hide\" style=\"display:none;\">Toggle<\/span><span class=\"ez-toc-icon-toggle-span\"><svg style=\"fill: #3acdef;color:#3acdef\" xmlns=\"http:\/\/www.w3.org\/2000\/svg\" class=\"list-377408\" width=\"20px\" height=\"20px\" viewBox=\"0 0 24 24\" fill=\"none\"><path d=\"M6 6H4v2h2V6zm14 0H8v2h12V6zM4 11h2v2H4v-2zm16 0H8v2h12v-2zM4 16h2v2H4v-2zm16 0H8v2h12v-2z\" fill=\"currentColor\"><\/path><\/svg><svg style=\"fill: #3acdef;color:#3acdef\" class=\"arrow-unsorted-368013\" xmlns=\"http:\/\/www.w3.org\/2000\/svg\" width=\"10px\" height=\"10px\" viewBox=\"0 0 24 24\" version=\"1.2\" baseProfile=\"tiny\"><path d=\"M18.2 9.3l-6.2-6.3-6.2 6.3c-.2.2-.3.4-.3.7s.1.5.3.7c.2.2.4.3.7.3h11c.3 0 .5-.1.7-.3.2-.2.3-.5.3-.7s-.1-.5-.3-.7zM5.8 14.7l6.2 6.3 6.2-6.3c.2-.2.3-.5.3-.7s-.1-.5-.3-.7c-.2-.2-.4-.3-.7-.3h-11c-.3 0-.5.1-.7.3-.2.2-.3.5-.3.7s.1.5.3.7z\"\/><\/svg><\/span><\/span><\/span><\/a><\/span><\/div>\n<nav><ul class='ez-toc-list ez-toc-list-level-1 ' ><li class='ez-toc-page-1 ez-toc-heading-level-2'><a class=\"ez-toc-link ez-toc-heading-1\" href=\"https:\/\/www.integratecnologia.es\/la-innovacion-necesaria\/gdpr-ventaja-competitiva-y-soluciones-para-las-empresas\/#la-importancia-de-gdpr\" >La importancia de GDPR<\/a><\/li><li class='ez-toc-page-1 ez-toc-heading-level-2'><a class=\"ez-toc-link ez-toc-heading-2\" href=\"https:\/\/www.integratecnologia.es\/la-innovacion-necesaria\/gdpr-ventaja-competitiva-y-soluciones-para-las-empresas\/#la-situacion-en-espana-gdpr-como-ventaja-competitiva\" >La situaci\u00f3n en Espa\u00f1a: GDPR como ventaja competitiva<\/a><\/li><li class='ez-toc-page-1 ez-toc-heading-level-2'><a class=\"ez-toc-link ez-toc-heading-3\" href=\"https:\/\/www.integratecnologia.es\/la-innovacion-necesaria\/gdpr-ventaja-competitiva-y-soluciones-para-las-empresas\/#servicios-y-soluciones-tecnologicas-para-cumplir-con-gdpr\" >Servicios y soluciones tecnol\u00f3gicas para cumplir con GDPR<\/a><ul class='ez-toc-list-level-3' ><li class='ez-toc-heading-level-3'><a class=\"ez-toc-link ez-toc-heading-4\" href=\"https:\/\/www.integratecnologia.es\/la-innovacion-necesaria\/gdpr-ventaja-competitiva-y-soluciones-para-las-empresas\/#%c2%bfcomo-puedes-implantar-estas-medidas-en-tu-empresa-o-negocio\" >\u00bfC\u00f3mo puedes implantar estas medidas en tu empresa o negocio?<\/a><\/li><\/ul><\/li><\/ul><\/nav><\/div>\n<h2><span class=\"ez-toc-section\" id=\"la-importancia-de-gdpr\"><\/span>La importancia de GDPR<span class=\"ez-toc-section-end\"><\/span><\/h2>\n<p>S\u00f3lo faltan cinco meses para que la nueva ley europea de protecci\u00f3n de datos sea de obligado cumplimiento. El 25 de mayo de 2018 todas las empresas que no cumplan con la nueva normativa estar\u00e1n expuestas a sanciones econ\u00f3micas que oscilar\u00e1n desde el <strong>4% de la facturaci\u00f3n global hasta los 20 millones de euros. <\/strong>No debemos olvidar que la normativa <strong>ya est\u00e1 en vigor<\/strong> y es en mayo de 2018 cuando su cumplimiento ser\u00e1 obligatorio.<\/p>\n<p>Nuestro compa\u00f1ero Miguel Ib\u00e1\u00f1ez, en el art\u00edculo <a href=\"https:\/\/www.integratecnologia.es\/la-innovacion-necesaria\/gdpr-reglamento-general-de-proteccion-de-datos-de-la-union-europea\/\" target=\"_blank\" rel=\"noopener noreferrer\">C\u00f3mo funciona GDPR: el Reglamento General de Protecci\u00f3n de Datos de la UE<\/a>, nos explica los cambios que introduce la nueva ley y los pasos que deben dar las empresas para adecuarse a ella. En este post, vamos a seguir organizando ideas y os proponemos algunas <strong>soluciones tecnol\u00f3gicas<\/strong> <strong>para que pod\u00e1is<\/strong>\u00a0<strong>adaptaros\u00a0con \u00e9xito a GDPR.<\/strong><\/p>\n<p>La norma supone unas nuevas e importantes obligaciones para las empresas que traten con datos personales de ciudadanos de la Uni\u00f3n Europea. Desde el primer minuto en que se ponga en marcha un servicio o un producto, las compa\u00f1\u00edas estar\u00e1n obligadas a establecer la privacidad por defecto\u00a0de dichos datos.<\/p>\n<p>Entre los cambios que implica, <strong>GDPR ampl\u00eda y mejora la definici\u00f3n de informaci\u00f3n personal:<\/strong> datos como las direcciones IP, la informaci\u00f3n cultural, econ\u00f3mica o social, nombres de usuario y pseud\u00f3nimos, registros de proveedores y de personal, entre otros, est\u00e1n cubiertos por esta ley y son considerados personales.<\/p>\n<p>Otra las principales restricciones es que se necesitar\u00e1 <strong>consentimiento por parte de los usuarios <\/strong>quienes, a su vez, podr\u00e1n revocarlo. Adem\u00e1s, \u00e9stos tendr\u00e1n derecho a saber c\u00f3mo, d\u00f3nde y con qu\u00e9 finalidad se procesan sus datos personales.<\/p>\n<h2><span class=\"ez-toc-section\" id=\"la-situacion-en-espana-gdpr-como-ventaja-competitiva\"><\/span>La situaci\u00f3n en Espa\u00f1a: GDPR como ventaja competitiva<span class=\"ez-toc-section-end\"><\/span><\/h2>\n<p>Se calcula que s\u00f3lo <strong>el 10% de las empresas espa\u00f1olas cumple con el GDPR<\/strong> seg\u00fan un reciente estudio de IDC. Dicho informe indica\u00a0que un 25% de las empresas tiene planes s\u00f3lidos para asegurar el cumplimiento en mayo de 2018, mientras que un 65% no cuenta con una estrategia a d\u00eda de hoy.<\/p>\n<p>De estos datos,\u00a0podemos concluir\u00a0que la mayor\u00eda de las empresas no\u00a0est\u00e1 preparada para cumplir con esta nueva normativa, un proceso que puede ser especialmente complejo para las <strong>pymes<\/strong>, que deben documentar sus procesamientos de datos, examinar su nivel de riesgo y mantener a sus clientes informados.<\/p>\n<p>Sin embargo, y seg\u00fan apunta el estudio de IDC, <strong>una de cada tres empresas considera que GDPR es una ventaja competitiva<\/strong>, que les a va a ayudar a ser m\u00e1s eficientes y\u00a0un <strong>reto reputacional<\/strong> de cara a aumentar la confianza de los clientes.<\/p>\n<h2><span class=\"ez-toc-section\" id=\"servicios-y-soluciones-tecnologicas-para-cumplir-con-gdpr\"><\/span>Servicios y soluciones tecnol\u00f3gicas para cumplir con GDPR<span class=\"ez-toc-section-end\"><\/span><\/h2>\n<p>El reglamento expone que actuar cuando se ha cometido una infracci\u00f3n es insuficiente, ya que dicha infracci\u00f3n podr\u00eda causar da\u00f1os a los sujetos dif\u00edciles de compensar.<\/p>\n<h3><span class=\"ez-toc-section\" id=\"%c2%bfcomo-puedes-implantar-estas-medidas-en-tu-empresa-o-negocio\"><\/span>\u00bfC\u00f3mo puedes implantar estas medidas en tu empresa o negocio?<span class=\"ez-toc-section-end\"><\/span><\/h3>\n<p>Existen determinados productos y servicios tecnol\u00f3gicos que te ayudar\u00e1n a adaptar tu compa\u00f1\u00eda a esta nueva legislaci\u00f3n con \u00e9xito en cada \u00e1rea de actuaci\u00f3n:<\/p>\n<ol>\n<li><strong>An\u00e1lisis de la situaci\u00f3n y diagn\u00f3stico:<\/strong>\u00a0es importante actualizar las pol\u00edticas, protocolos y textos relativos a la protecci\u00f3n de datos\u00a0antes de abordar la adaptaci\u00f3n al nuevo Reglamento Europeo. Con un <strong>servicio de auditor\u00eda<\/strong>, podr\u00e1s\u00a0analizar la situaci\u00f3n de partida en tu organizaci\u00f3n.<\/li>\n<li><strong>Cumplimiento normativo:<\/strong>\u00a0puedes gestionar todos los aspectos clave necesarios para cumplir con la normativa GDPR gracias a un <strong>software que automatice los\u00a0procesos<\/strong> y el tratamiento y gesti\u00f3n de los datos en tu organizaci\u00f3n, facilitando los procesos de auditor\u00eda y toma de decisiones.<\/li>\n<li><strong>Aplicaci\u00f3n de medidas t\u00e9cnicas: <\/strong>tras la evaluaci\u00f3n de riesgos e impacto y en base a las amenazas identificadas, puedes instalar <strong>servicios de seguridad a medida<\/strong> basados en una estrategia preventiva\u00a0que te permita anticiparte a las amenazas.<\/li>\n<\/ol>\n<p>A continuaci\u00f3n, os dejamos el v\u00eddeo de un webinar donde los expertos en seguridad de EFOR explican las <strong>principales obligaciones<\/strong> a la hora de abordar la <strong>transici\u00f3n a GDPR:<\/strong><\/p>\n<p><iframe loading=\"lazy\" src=\"https:\/\/www.youtube.com\/embed\/j07PT6raOgw\" width=\"560\" height=\"315\" frameborder=\"0\" align=\"center\" allowfullscreen=\"allowfullscreen\"><\/iframe><\/p>\n<p>Pod\u00e9is conocer todos los servicios para garantizar la adaptaci\u00f3n de tu compa\u00f1\u00eda en <strong><a href=\"https:\/\/www.efor.es\/gdpr\/\" target=\"_blank\" rel=\"noopener noreferrer\">GDPR, \u00bfest\u00e1s preparado?<\/a><\/strong><\/p>\n","protected":false},"excerpt":{"rendered":"<p>La importancia de GDPR S\u00f3lo faltan cinco meses para que la nueva ley europea de protecci\u00f3n de datos sea de obligado cumplimiento. El 25 de mayo de 2018 todas las empresas que no cumplan con la nueva normativa estar\u00e1n expuestas a sanciones econ\u00f3micas que oscilar\u00e1n desde el 4% de la facturaci\u00f3n global hasta los 20 [&hellip;]<\/p>\n","protected":false},"author":92,"featured_media":9314,"comment_status":"open","ping_status":"open","sticky":false,"template":"","format":"standard","meta":{"_acf_changed":false,"om_disable_all_campaigns":false,"_genesis_hide_title":false,"_genesis_hide_breadcrumbs":false,"_genesis_hide_singular_image":false,"_genesis_hide_footer_widgets":false,"_genesis_custom_body_class":"","_genesis_custom_post_class":"","_genesis_layout":"","footnotes":""},"categories":[336],"tags":[168,195],"class_list":{"0":"post-3217","1":"post","2":"type-post","3":"status-publish","4":"format-standard","5":"has-post-thumbnail","7":"category-seguridad","8":"tag-ciberseguridad","9":"tag-gdpr","10":"entry"},"acf":[],"aioseo_notices":[],"_links":{"self":[{"href":"https:\/\/www.integratecnologia.es\/la-innovacion-necesaria\/wp-json\/wp\/v2\/posts\/3217","targetHints":{"allow":["GET"]}}],"collection":[{"href":"https:\/\/www.integratecnologia.es\/la-innovacion-necesaria\/wp-json\/wp\/v2\/posts"}],"about":[{"href":"https:\/\/www.integratecnologia.es\/la-innovacion-necesaria\/wp-json\/wp\/v2\/types\/post"}],"author":[{"embeddable":true,"href":"https:\/\/www.integratecnologia.es\/la-innovacion-necesaria\/wp-json\/wp\/v2\/users\/92"}],"replies":[{"embeddable":true,"href":"https:\/\/www.integratecnologia.es\/la-innovacion-necesaria\/wp-json\/wp\/v2\/comments?post=3217"}],"version-history":[{"count":1,"href":"https:\/\/www.integratecnologia.es\/la-innovacion-necesaria\/wp-json\/wp\/v2\/posts\/3217\/revisions"}],"predecessor-version":[{"id":12226,"href":"https:\/\/www.integratecnologia.es\/la-innovacion-necesaria\/wp-json\/wp\/v2\/posts\/3217\/revisions\/12226"}],"wp:featuredmedia":[{"embeddable":true,"href":"https:\/\/www.integratecnologia.es\/la-innovacion-necesaria\/wp-json\/wp\/v2\/media\/9314"}],"wp:attachment":[{"href":"https:\/\/www.integratecnologia.es\/la-innovacion-necesaria\/wp-json\/wp\/v2\/media?parent=3217"}],"wp:term":[{"taxonomy":"category","embeddable":true,"href":"https:\/\/www.integratecnologia.es\/la-innovacion-necesaria\/wp-json\/wp\/v2\/categories?post=3217"},{"taxonomy":"post_tag","embeddable":true,"href":"https:\/\/www.integratecnologia.es\/la-innovacion-necesaria\/wp-json\/wp\/v2\/tags?post=3217"}],"curies":[{"name":"wp","href":"https:\/\/api.w.org\/{rel}","templated":true}]}}