
  
{"id":3390,"date":"2018-02-16T11:18:34","date_gmt":"2018-02-16T10:18:34","guid":{"rendered":"https:\/\/www.integratecnologia.es\/la-innovacion-necesaria\/?p=3390"},"modified":"2023-12-26T17:45:26","modified_gmt":"2023-12-26T16:45:26","slug":"gdpr-una-ley-para-la-proteccion-de-datos-personales","status":"publish","type":"post","link":"https:\/\/www.integratecnologia.es\/la-innovacion-necesaria\/gdpr-una-ley-para-la-proteccion-de-datos-personales\/","title":{"rendered":"GDPR: una ley para proteger a las personas"},"content":{"rendered":"<div id=\"ez-toc-container\" class=\"ez-toc-v2_0_82_2 counter-hierarchy ez-toc-counter ez-toc-custom ez-toc-container-direction\">\n<div class=\"ez-toc-title-container\">\n<p class=\"ez-toc-title\" style=\"cursor:inherit\">\u00cdndice de contenidos <\/p>\n<span class=\"ez-toc-title-toggle\"><a href=\"#\" class=\"ez-toc-pull-right ez-toc-btn ez-toc-btn-xs ez-toc-btn-default ez-toc-toggle\" aria-label=\"Alternar tabla de contenidos\"><span class=\"ez-toc-js-icon-con\"><span class=\"\"><span class=\"eztoc-hide\" style=\"display:none;\">Toggle<\/span><span class=\"ez-toc-icon-toggle-span\"><svg style=\"fill: #3acdef;color:#3acdef\" xmlns=\"http:\/\/www.w3.org\/2000\/svg\" class=\"list-377408\" width=\"20px\" height=\"20px\" viewBox=\"0 0 24 24\" fill=\"none\"><path d=\"M6 6H4v2h2V6zm14 0H8v2h12V6zM4 11h2v2H4v-2zm16 0H8v2h12v-2zM4 16h2v2H4v-2zm16 0H8v2h12v-2z\" fill=\"currentColor\"><\/path><\/svg><svg style=\"fill: #3acdef;color:#3acdef\" class=\"arrow-unsorted-368013\" xmlns=\"http:\/\/www.w3.org\/2000\/svg\" width=\"10px\" height=\"10px\" viewBox=\"0 0 24 24\" version=\"1.2\" baseProfile=\"tiny\"><path d=\"M18.2 9.3l-6.2-6.3-6.2 6.3c-.2.2-.3.4-.3.7s.1.5.3.7c.2.2.4.3.7.3h11c.3 0 .5-.1.7-.3.2-.2.3-.5.3-.7s-.1-.5-.3-.7zM5.8 14.7l6.2 6.3 6.2-6.3c.2-.2.3-.5.3-.7s-.1-.5-.3-.7c-.2-.2-.4-.3-.7-.3h-11c-.3 0-.5.1-.7.3-.2.2-.3.5-.3.7s.1.5.3.7z\"\/><\/svg><\/span><\/span><\/span><\/a><\/span><\/div>\n<nav><ul class='ez-toc-list ez-toc-list-level-1 ' ><li class='ez-toc-page-1 ez-toc-heading-level-2'><a class=\"ez-toc-link ez-toc-heading-1\" href=\"https:\/\/www.integratecnologia.es\/la-innovacion-necesaria\/gdpr-una-ley-para-la-proteccion-de-datos-personales\/#y-si-no-hubiera-sanciones-%c2%bfdeberiamos-cumplir-con-el-gdpr\" >Y si no hubiera sanciones, \u00bfdeber\u00edamos cumplir con el GDPR?<\/a><\/li><li class='ez-toc-page-1 ez-toc-heading-level-2'><a class=\"ez-toc-link ez-toc-heading-2\" href=\"https:\/\/www.integratecnologia.es\/la-innovacion-necesaria\/gdpr-una-ley-para-la-proteccion-de-datos-personales\/#gdpr-desde-el-punto-de-vista-de-la-persona\" >GDPR desde el punto de vista de la persona<\/a><\/li><\/ul><\/nav><\/div>\n<h2><span class=\"ez-toc-section\" id=\"y-si-no-hubiera-sanciones-%c2%bfdeberiamos-cumplir-con-el-gdpr\"><\/span>Y si no hubiera sanciones, \u00bfdeber\u00edamos cumplir con el GDPR?<span class=\"ez-toc-section-end\"><\/span><\/h2>\n<p>Durante los \u00faltimos meses estamos leyendo a diario noticias sobre la entrada en aplicaci\u00f3n el d\u00eda <strong>25 de mayo<\/strong> del <a href=\"https:\/\/www.integratecnologia.es\/la-innovacion-necesaria\/gdpr-reglamento-general-de-proteccion-de-datos-de-la-union-europea\/\" target=\"_blank\" rel=\"noopener noreferrer\"><strong>Reglamento Europeo de Protecci\u00f3n de Datos<\/strong> <\/a>(<strong>GDPR<\/strong> por sus siglas en ingl\u00e9s) y las millonarias sanciones a las que las organizaciones pueden verse expuestas en el caso de que no cumplan con el mismo. Esta raz\u00f3n econ\u00f3mica est\u00e1 siendo la principal motivaci\u00f3n de las empresas para adecuar sus procesos y sistemas tecnol\u00f3gicos.<\/p>\n<p>Sin embargo, yo me hago la siguiente pregunta: si nos encontr\u00e1semos en un universo ut\u00f3pico en el cual no existieran ni el GDPR ni la LOPD, \u00bfles interesar\u00eda a las empresas proteger los datos de car\u00e1cter personal?<\/p>\n<p>Tras m\u00faltiples a\u00f1os de experiencia asesorando a organizaciones, de diversa \u00edndole y envergadura, sobre el cumplimiento de la Ley Org\u00e1nica de Protecci\u00f3n de Datos, me he dado cuenta de que la mayor\u00eda no contempla la protecci\u00f3n de los mismos como un <strong>elemento que les aporte valor.<\/strong> Ven la protecci\u00f3n de datos personales como unos tr\u00e1mites a realizar que suponen m\u00e1s un obst\u00e1culo y un gasto para la compa\u00f1\u00eda que una <strong>oportunidad de mejorar la seguridad interna<\/strong> y, derivado de ello, la <strong>imagen que la empresa proyecta al exterior.<\/strong><\/p>\n<p>Por ejemplo, se presta en ocasiones m\u00e1s atenci\u00f3n (y much\u00edsimas veces de manera totalmente justificada) a la protecci\u00f3n de informaci\u00f3n interna sobre proyectos o ficheros de facturaci\u00f3n.<\/p>\n<h2><span class=\"ez-toc-section\" id=\"gdpr-desde-el-punto-de-vista-de-la-persona\"><\/span>GDPR desde el punto de vista de la persona<span class=\"ez-toc-section-end\"><\/span><\/h2>\n<p>Ahora quit\u00e9monos el traje y la corbata de empresario y veamos esto desde el prisma de lo que somos todos los lectores de este post: personas.&nbsp;Hag\u00e1monos alguna de estas preguntas:<\/p>\n<ul>\n<li>\u00bfMe gustar\u00eda que mis compa\u00f1eros pudiesen acceder a mis<strong> datos salariales<\/strong> por una falta de permisos en el acceso a los mismos?<\/li>\n<li>\u00bfQu\u00e9 pasar\u00eda si me ingresan de urgencias en el hospital y no tienen mi <strong>historial cl\u00ednico<\/strong> con las sustancias a las que soy al\u00e9rgico debido a que tienen los sistemas ca\u00eddos?<\/li>\n<li>\u00bfY si alguien no autorizado modifica mi <strong>expediente acad\u00e9mico<\/strong> y no estamos guardando registro del mismo?<\/li>\n<li>\u00bfEstoy c\u00f3modo si me bombardean a llamadas telef\u00f3nicas ofreci\u00e9ndome servicios sin haber dado yo mis datos de contacto?<\/li>\n<li>\u00bfQu\u00e9 ocurrir\u00eda si se filtrasen todas las <strong>ubicaciones geogr\u00e1ficas<\/strong> donde yo he estado los \u00faltimos meses que estaba almacenando mi tel\u00e9fono m\u00f3vil?<\/li>\n<\/ul>\n<p>No son preguntas descabelladas y, en mayor o menor grado, nos pueden preocupar a todos. Algunas ponen en peligro nuestra <strong>intimidad<\/strong>, nuestros <strong>logros<\/strong> e incluso, en ejemplos extremos, nuestra <strong>integridad<\/strong> como personas. Por razones como \u00e9stas es por lo que las empresas deber\u00edan preocuparse en cumplir con el GDPR.<\/p>\n<p>Volviendo a la reflexi\u00f3n inicial, \u00bfqu\u00e9 razones podr\u00edan llevar a una empresa a implantar medidas de seguridad para proteger los datos si no es estrictamente necesario? Principalmente, la imagen.<\/p>\n<p>Una<strong> p\u00e9rdida reputacional<\/strong>, por una incidencia como las que he nombrado anteriormente, puede ser much\u00edsimo peor que una multa y llegar a ser incluso el fin de esa empresa. Ganar la <strong>confianza de los clientes<\/strong> es vital y llegar a recuperar un cliente perdido puede suponer a\u00f1os de esfuerzos incre\u00edbles.<\/p>\n<p>Por lo tanto, <strong>no tengamos miedo a invertir en seguridad<\/strong>, siempre nos va a aportar mejoras. Y la seguridad no se ci\u00f1e \u00fanicamente a medidas t\u00e9cnicas de salvaguarda de los datos, sino tambi\u00e9n a la implantaci\u00f3n de <strong>pol\u00edticas de seguridad, procesos y procedimientos<\/strong> que permitan a todo el personal de la organizaci\u00f3n proteger los datos de la manera m\u00e1s adecuada.<\/p>\n<p>Despu\u00e9s de este alegato, y siguiendo en el universo ut\u00f3pico que hemos planteado, volved a formularos la pregunta inicial. Y os dejo poneros de nuevo el traje y la corbata de empresarios, pero recordad lo que hay debajo de vuestro atuendo, y poneos en la piel de la persona: \u201cY si no hubiera sanciones, \u00bfdeber\u00eda tambi\u00e9n cumplir con el GDPR?\u201d<\/p>\n<p>Si quer\u00e9is obtener informaci\u00f3n actualizada&nbsp;sobre la nueva ley y las medidas para cumplir con ella, pod\u00e9is descargaros la grabaci\u00f3n del \u00faltimo webinar <strong><a href=\"https:\/\/www.efor.es\/eventos\/usa-microsoft-office-365-y-azure-para-cumplir-con-el-gdpr.html\" target=\"_blank\" rel=\"noopener noreferrer\">Usa Microsoft Office 365 y Azure para cumplir con el GDPR<\/a>.<\/strong><\/p>\n<p>M\u00e1s informaci\u00f3n sobre servicios y consultor\u00eda en <strong><a href=\"https:\/\/www.efor.es\/gdpr\/\" target=\"_blank\" rel=\"noopener noreferrer\">www.efor.es\/gdpr<\/a><\/strong><\/p>\n\n\n<p>Art\u00edculo redactado por Miguel Ib\u00e1\u00f1ez<\/p>\n","protected":false},"excerpt":{"rendered":"<p>Y si no hubiera sanciones, \u00bfdeber\u00edamos cumplir con el GDPR? Durante los \u00faltimos meses estamos leyendo a diario noticias sobre la entrada en aplicaci\u00f3n el d\u00eda 25 de mayo del Reglamento Europeo de Protecci\u00f3n de Datos (GDPR por sus siglas en ingl\u00e9s) y las millonarias sanciones a las que las organizaciones pueden verse expuestas en [&hellip;]<\/p>\n","protected":false},"author":92,"featured_media":9396,"comment_status":"open","ping_status":"open","sticky":false,"template":"","format":"standard","meta":{"_acf_changed":false,"om_disable_all_campaigns":false,"_genesis_hide_title":false,"_genesis_hide_breadcrumbs":false,"_genesis_hide_singular_image":false,"_genesis_hide_footer_widgets":false,"_genesis_custom_body_class":"","_genesis_custom_post_class":"","_genesis_layout":"","footnotes":""},"categories":[336],"tags":[168,195],"class_list":{"0":"post-3390","1":"post","2":"type-post","3":"status-publish","4":"format-standard","5":"has-post-thumbnail","7":"category-seguridad","8":"tag-ciberseguridad","9":"tag-gdpr","10":"entry"},"acf":[],"aioseo_notices":[],"_links":{"self":[{"href":"https:\/\/www.integratecnologia.es\/la-innovacion-necesaria\/wp-json\/wp\/v2\/posts\/3390","targetHints":{"allow":["GET"]}}],"collection":[{"href":"https:\/\/www.integratecnologia.es\/la-innovacion-necesaria\/wp-json\/wp\/v2\/posts"}],"about":[{"href":"https:\/\/www.integratecnologia.es\/la-innovacion-necesaria\/wp-json\/wp\/v2\/types\/post"}],"author":[{"embeddable":true,"href":"https:\/\/www.integratecnologia.es\/la-innovacion-necesaria\/wp-json\/wp\/v2\/users\/92"}],"replies":[{"embeddable":true,"href":"https:\/\/www.integratecnologia.es\/la-innovacion-necesaria\/wp-json\/wp\/v2\/comments?post=3390"}],"version-history":[{"count":0,"href":"https:\/\/www.integratecnologia.es\/la-innovacion-necesaria\/wp-json\/wp\/v2\/posts\/3390\/revisions"}],"wp:featuredmedia":[{"embeddable":true,"href":"https:\/\/www.integratecnologia.es\/la-innovacion-necesaria\/wp-json\/wp\/v2\/media\/9396"}],"wp:attachment":[{"href":"https:\/\/www.integratecnologia.es\/la-innovacion-necesaria\/wp-json\/wp\/v2\/media?parent=3390"}],"wp:term":[{"taxonomy":"category","embeddable":true,"href":"https:\/\/www.integratecnologia.es\/la-innovacion-necesaria\/wp-json\/wp\/v2\/categories?post=3390"},{"taxonomy":"post_tag","embeddable":true,"href":"https:\/\/www.integratecnologia.es\/la-innovacion-necesaria\/wp-json\/wp\/v2\/tags?post=3390"}],"curies":[{"name":"wp","href":"https:\/\/api.w.org\/{rel}","templated":true}]}}