
  
{"id":5710,"date":"2019-05-22T10:22:00","date_gmt":"2019-05-22T08:22:00","guid":{"rendered":"https:\/\/www.integratecnologia.es\/la-innovacion-necesaria\/?p=5710"},"modified":"2023-12-26T18:11:14","modified_gmt":"2023-12-26T17:11:14","slug":"nuevo-plan-de-ayudas-industria-digitala-2019","status":"publish","type":"post","link":"https:\/\/www.integratecnologia.es\/la-innovacion-necesaria\/nuevo-plan-de-ayudas-industria-digitala-2019\/","title":{"rendered":"Nuevo plan de ayudas Industria Digitala 2019"},"content":{"rendered":"\n<p>Ahora es el momento, la <a href=\"https:\/\/www.spri.eus\/es\/\" target=\"_blank\" rel=\"noreferrer noopener\"><strong>Agencia vasca de desarrollo empresarial<\/strong><\/a> (Grupo SPRI) ha lanzado el <strong>nuevo plan de ayudas y servicios para la incorporaci\u00f3n de las Tecnolog\u00edas de la Electr\u00f3nica, la Informaci\u00f3n y las Comunicaciones (TEICs) en las PYMES y grandes empresas, de car\u00e1cter industrial.<\/strong><\/p>\n\n\n\n<p>El objetivo que promueve el <strong>Grupo SPRI<\/strong> es de dotar a toda empresa de car\u00e1cter industrial de las herramientas necesarias para alcanzar su internacionalizaci\u00f3n, la manera de emprender, las mejores fuentes de financiaci\u00f3n, la localizaci\u00f3n de suelo industrial y poder entrar en la nueva y denominada <a href=\"https:\/\/basqueindustry.spri.eus\/es\/\" target=\"_blank\" rel=\"noreferrer noopener\"><strong>Basque Indsutry 4.0<\/strong><\/a><strong> .<\/strong><\/p>\n\n\n\n<p>A continuaci\u00f3n, detallamos los plazos y requisitos para optar al programa <strong>Industria Digitala 2019: <\/strong><\/p>\n\n\n\n<div id=\"ez-toc-container\" class=\"ez-toc-v2_0_82_2 counter-hierarchy ez-toc-counter ez-toc-custom ez-toc-container-direction\">\n<div class=\"ez-toc-title-container\">\n<p class=\"ez-toc-title\" style=\"cursor:inherit\">\u00cdndice de contenidos <\/p>\n<span class=\"ez-toc-title-toggle\"><a href=\"#\" class=\"ez-toc-pull-right ez-toc-btn ez-toc-btn-xs ez-toc-btn-default ez-toc-toggle\" aria-label=\"Alternar tabla de contenidos\"><span class=\"ez-toc-js-icon-con\"><span class=\"\"><span class=\"eztoc-hide\" style=\"display:none;\">Toggle<\/span><span class=\"ez-toc-icon-toggle-span\"><svg style=\"fill: #3acdef;color:#3acdef\" xmlns=\"http:\/\/www.w3.org\/2000\/svg\" class=\"list-377408\" width=\"20px\" height=\"20px\" viewBox=\"0 0 24 24\" fill=\"none\"><path d=\"M6 6H4v2h2V6zm14 0H8v2h12V6zM4 11h2v2H4v-2zm16 0H8v2h12v-2zM4 16h2v2H4v-2zm16 0H8v2h12v-2z\" fill=\"currentColor\"><\/path><\/svg><svg style=\"fill: #3acdef;color:#3acdef\" class=\"arrow-unsorted-368013\" xmlns=\"http:\/\/www.w3.org\/2000\/svg\" width=\"10px\" height=\"10px\" viewBox=\"0 0 24 24\" version=\"1.2\" baseProfile=\"tiny\"><path d=\"M18.2 9.3l-6.2-6.3-6.2 6.3c-.2.2-.3.4-.3.7s.1.5.3.7c.2.2.4.3.7.3h11c.3 0 .5-.1.7-.3.2-.2.3-.5.3-.7s-.1-.5-.3-.7zM5.8 14.7l6.2 6.3 6.2-6.3c.2-.2.3-.5.3-.7s-.1-.5-.3-.7c-.2-.2-.4-.3-.7-.3h-11c-.3 0-.5.1-.7.3-.2.2-.3.5-.3.7s.1.5.3.7z\"\/><\/svg><\/span><\/span><\/span><\/a><\/span><\/div>\n<nav><ul class='ez-toc-list ez-toc-list-level-1 ' ><li class='ez-toc-page-1 ez-toc-heading-level-3'><a class=\"ez-toc-link ez-toc-heading-1\" href=\"https:\/\/www.integratecnologia.es\/la-innovacion-necesaria\/nuevo-plan-de-ayudas-industria-digitala-2019\/#%c2%bfcuando-empieza-el-plazo-de-solicitud\" >\u00bfCu\u00e1ndo empieza el plazo de solicitud?<\/a><\/li><li class='ez-toc-page-1 ez-toc-heading-level-3'><a class=\"ez-toc-link ez-toc-heading-2\" href=\"https:\/\/www.integratecnologia.es\/la-innovacion-necesaria\/nuevo-plan-de-ayudas-industria-digitala-2019\/#%c2%bfhasta-cuando-puedo-presentar-mi-solicitud\" >\u00bfHasta cuando puedo presentar mi solicitud?<\/a><\/li><li class='ez-toc-page-1 ez-toc-heading-level-3'><a class=\"ez-toc-link ez-toc-heading-3\" href=\"https:\/\/www.integratecnologia.es\/la-innovacion-necesaria\/nuevo-plan-de-ayudas-industria-digitala-2019\/#%c2%bfcuando-conocere-si-he-optado-a-la-subvencion\" >\u00bfCu\u00e1ndo conocer\u00e9 si he optado a la subvenci\u00f3n?<\/a><\/li><li class='ez-toc-page-1 ez-toc-heading-level-3'><a class=\"ez-toc-link ez-toc-heading-4\" href=\"https:\/\/www.integratecnologia.es\/la-innovacion-necesaria\/nuevo-plan-de-ayudas-industria-digitala-2019\/#%c2%bfes-mi-proyecto-subvencionable\" >\u00bfEs mi proyecto subvencionable?<\/a><\/li><li class='ez-toc-page-1 ez-toc-heading-level-3'><a class=\"ez-toc-link ez-toc-heading-5\" href=\"https:\/\/www.integratecnologia.es\/la-innovacion-necesaria\/nuevo-plan-de-ayudas-industria-digitala-2019\/#%c2%bfes-mi-empresa-valida-para-optar-a-la-subvencion\" >\u00bfEs mi empresa valida para optar a la subvenci\u00f3n?<\/a><\/li><li class='ez-toc-page-1 ez-toc-heading-level-3'><a class=\"ez-toc-link ez-toc-heading-6\" href=\"https:\/\/www.integratecnologia.es\/la-innovacion-necesaria\/nuevo-plan-de-ayudas-industria-digitala-2019\/#%c2%bfrequisitos-a-cumplir\" >\u00bfRequisitos a cumplir?<\/a><\/li><li class='ez-toc-page-1 ez-toc-heading-level-3'><a class=\"ez-toc-link ez-toc-heading-7\" href=\"https:\/\/www.integratecnologia.es\/la-innovacion-necesaria\/nuevo-plan-de-ayudas-industria-digitala-2019\/#%c2%bfde-que-cuantia-es-la-subvencion\" >\u00bfDe qu\u00e9 cuant\u00eda es la subvenci\u00f3n?<\/a><\/li><li class='ez-toc-page-1 ez-toc-heading-level-3'><a class=\"ez-toc-link ez-toc-heading-8\" href=\"https:\/\/www.integratecnologia.es\/la-innovacion-necesaria\/nuevo-plan-de-ayudas-industria-digitala-2019\/#%c2%bfdonde-y-como-puedo-iniciar-los-tramites-para-aplicar-al-programa\" >\u00bfD\u00f3nde y c\u00f3mo puedo iniciar los tr\u00e1mites para aplicar al programa?<\/a><\/li><\/ul><\/nav><\/div>\n<h3 class=\"wp-block-heading\"><span class=\"ez-toc-section\" id=\"%c2%bfcuando-empieza-el-plazo-de-solicitud\"><\/span><strong>\u00bfCu\u00e1ndo empieza el plazo de solicitud?<\/strong><span class=\"ez-toc-section-end\"><\/span><\/h3>\n\n\n\n<p>La fecha de inicio del programa comenz\u00f3 el <strong>16 de mayo de 2019<\/strong><\/p>\n\n\n\n<h3 class=\"wp-block-heading\"><span class=\"ez-toc-section\" id=\"%c2%bfhasta-cuando-puedo-presentar-mi-solicitud\"><\/span><strong>\u00bfHasta cuando puedo presentar mi solicitud?<\/strong><span class=\"ez-toc-section-end\"><\/span><\/h3>\n\n\n\n<p>La documentaci\u00f3n para optar a la subvenci\u00f3n deber\u00e1 estar presentada el <strong>27 de septiembre de 2019 hasta las 15h.<\/strong><\/p>\n\n\n\n<h3 class=\"wp-block-heading\"><span class=\"ez-toc-section\" id=\"%c2%bfcuando-conocere-si-he-optado-a-la-subvencion\"><\/span><strong>\u00bfCu\u00e1ndo conocer\u00e9 si he optado a la subvenci\u00f3n?<\/strong><span class=\"ez-toc-section-end\"><\/span><\/h3>\n\n\n\n<p>Habr\u00e1 un periodo de <strong>6 meses desde la fecha en la cual se proceda a la presentaci\u00f3n de la documentaci\u00f3n completa. <\/strong><\/p>\n\n\n\n<h3 class=\"wp-block-heading\"><span class=\"ez-toc-section\" id=\"%c2%bfes-mi-proyecto-subvencionable\"><\/span><strong>\u00bfEs mi proyecto subvencionable?<\/strong><span class=\"ez-toc-section-end\"><\/span><\/h3>\n\n\n\n<p>A continuaci\u00f3n, detallamos aquellos proyectos los cuales est\u00e1n sujetos a recibir actuaciones subvencionables:<\/p>\n\n\n\n<ul class=\"wp-block-list\">\n<li>Sens\u00f3rica, SCADA, servitizaci\u00f3n, automatizaci\u00f3n de procesos industriales, BIGDATA, Inteligencia Artificial, machine learning y blockchain.<\/li>\n<li>Realidad virtual, aumentada y mixta.<\/li>\n<li>Visi\u00f3n artificial.<\/li>\n<li>Smart Factory. Simulaci\u00f3n de procesos industriales combinando capacidades f\u00edsicas y virtuales.<\/li>\n<li>Rob\u00f3tica colaborativa y flexible.<\/li>\n<li>Fabricaci\u00f3n aditiva: servicios de ingenier\u00eda y consultor\u00eda para el acompa\u00f1amiento desde la concepci\u00f3n inicial y el dise\u00f1o, hasta la producci\u00f3n.<\/li>\n<li>Gamificaci\u00f3n. Proyectos de consultor\u00eda que contemplen el aplicar t\u00e9cnicas extra\u00eddas de los juegos para fidelizar usuarios, motivarlos y lograr su compromiso.<\/li>\n<li>Comercio Electr\u00f3nico: Compras Electr\u00f3nicas, Ventas Electr\u00f3nicas, Proyectos B2B (Business to Business) o B2C (Business-to-Consumer).<\/li>\n<li>Sistemas de gesti\u00f3n avanzada de la empresa tipo ERPs, Business Intelligence, SMC, Mantenimiento preventivo, Gesti\u00f3n log\u00edstica de la cadena de suministro.*<\/li>\n<li>Gesti\u00f3n del ciclo de vida del producto (Implantaci\u00f3n de aplicaciones del tipo CAM CAE, PDM, DMF).*<\/li>\n<\/ul>\n\n\n\n<p>** Los puntos 9 y 10 no estar\u00e1n sujetos a recibir ninguna actuaci\u00f3n subvencionable para el caso de grandes empresas.<\/p>\n\n\n\n<p><strong>Nota: <\/strong>No podr\u00e1n acceder al programa <strong>Industria Digitala 2019<\/strong> aquellas empresas que se encuentren en la actualidad bajo alguna otra actuaci\u00f3n subvencionable, y aquellas que hayan optado con anterioridad a un programa de subvenciones de <strong>SPRI <\/strong>con anterioridad a un plazo de 7 a\u00f1os desde la fecha de presentaci\u00f3n de la nueva solicitud de ayuda. Una vez pasado ese periodo de 7 a\u00f1os toda empresa que cumpla los requisitos podr\u00e1 optar nuevamente al programa <strong>Industria Digitala 2019.<\/strong><\/p>\n\n\n\n<h3 class=\"wp-block-heading\"><span class=\"ez-toc-section\" id=\"%c2%bfes-mi-empresa-valida-para-optar-a-la-subvencion\"><\/span><strong>\u00bfEs mi empresa valida para optar a la subvenci\u00f3n?<\/strong><span class=\"ez-toc-section-end\"><\/span><\/h3>\n\n\n\n<p>Podr\u00e1n aplicar al programa de ayudas aquellas empresas industriales o de servicios t\u00e9cnicos (vinculadas al producto- proceso), as\u00ed como empresas que realicen funciones de dise\u00f1o y montaje de productos industriales.<\/p>\n\n\n\n<p><strong>Empresa industrial: <\/strong>empresas industriales manufactureras, as\u00ed como empresas de las Industrias Culturales y Creativas que desarrollen su actividad principal en las \u00e1reas de audiovisuales, videojuegos, moda y dise\u00f1o de productos, procesos y servicios.<\/p>\n\n\n\n<p>Se entiendo como:<\/p>\n\n\n\n<ul class=\"wp-block-list\">\n<li>Audiovisual: dise\u00f1ar o producir contenidos multimedia.<\/li>\n<li>Videojuegos: dise\u00f1ar o producir contenidos de videojuegos.<\/li>\n<li>Moda: operar al menos en la fase de dise\u00f1o dentro de la cadena de valor del sector.<\/li>\n<li>Dise\u00f1o de productos, procesos y servicios: proceso de desarrollo de soluciones \u00fatiles e innovadoras que incorporan demandas funcionales y est\u00e9ticas basadas en las necesidades del usuario. Queda excluido el dise\u00f1o gr\u00e1fico y dise\u00f1o de interiores.<\/li>\n<\/ul>\n\n\n\n<p>De igual manera, todas las empresas matrices de los grupos industriales ubicados en la Comunidad Aut\u00f3noma del Pa\u00eds Vasco podr\u00e1n acceder.<\/p>\n\n\n\n<h3 class=\"wp-block-heading\"><span class=\"ez-toc-section\" id=\"%c2%bfrequisitos-a-cumplir\"><\/span><strong>\u00bfRequisitos a cumplir?<\/strong><span class=\"ez-toc-section-end\"><\/span><\/h3>\n\n\n\n<ul class=\"wp-block-list\">\n<li>Disponer de un centro de actividad industrial en la Comunidad Aut\u00f3noma del Pa\u00eds Vasco<\/li>\n<li>Realizar la actuaci\u00f3n subvencionable en la Comunidad Aut\u00f3noma del Pa\u00eds Vasco.<\/li>\n<li>Estar al corriente de las obligaciones tributarias y para con la Tesorer\u00eda General de la Seguridad Social y\/o sus entidades colaboradoras, as\u00ed como de las obligaciones que mantenga con el Gobierno Vasco, sin tener asimismo, deudas vencidas, reclamadas y no abonadas con cualquiera de las empresas del Grupo SPRI.<\/li>\n<li>Deber\u00e1n acreditar estar de alta en el correspondiente ep\u00edgrafe industrial del Impuesto de Actividades Econ\u00f3micas del Pa\u00eds Vasco.<\/li>\n<li>No encontrarse en las situaciones detalladas en el art\u00edculo 6. apartado 2e de la normativa del programa.<\/li>\n<\/ul>\n\n\n\n<h3 class=\"wp-block-heading\"><span class=\"ez-toc-section\" id=\"%c2%bfde-que-cuantia-es-la-subvencion\"><\/span><strong>\u00bfDe qu\u00e9 cuant\u00eda es la subvenci\u00f3n? <\/strong><span class=\"ez-toc-section-end\"><\/span><\/h3>\n\n\n\n<p>La <strong>cuant\u00eda m\u00e1xima subvencionable ser\u00e1 de 18.000 euros<\/strong> para apoyar los gastos de consultor\u00eda- ingenier\u00eda, hardware y software asociados al proyecto para la ejecuci\u00f3n de una o m\u00e1s actuaciones subvencionables a lo largo del ejercicio.<\/p>\n\n\n\n<p>Dentro de los 18.000 euros de l\u00edmite m\u00e1ximo de subvenci\u00f3n global, ser\u00e1 el siguiente:<\/p>\n\n\n\n<ul class=\"wp-block-list\">\n<li>Hardware y\/o Software: m\u00e1ximo 9.000 euros.<\/li>\n<li>Gastos de Consultor\u00eda y\/o Ingenier\u00eda: m\u00e1ximo 18.000 euros.<\/li>\n<\/ul>\n\n\n\n<h3 class=\"wp-block-heading\"><span class=\"ez-toc-section\" id=\"%c2%bfdonde-y-como-puedo-iniciar-los-tramites-para-aplicar-al-programa\"><\/span><strong>\u00bfD\u00f3nde y c\u00f3mo puedo iniciar los tr\u00e1mites para aplicar al programa?<\/strong><span class=\"ez-toc-section-end\"><\/span><\/h3>\n\n\n\n<p>Toda empresa que re\u00fana todos los requisitos anteriormente descritos podr\u00e1 realizar los tr\u00e1mites de solicitud en el siguiente enlace: <a href=\"https:\/\/app4.spri.net\/industriadigitala\/\">https:\/\/app4.spri.net\/industriadigitala\/<\/a><\/p>\n\n\n\n<p>Del mismo modo, desde <a href=\"https:\/\/www.actiobp.com\/contacto-actio-procesos-tecnologia\/\" target=\"_blank\" rel=\"noreferrer noopener\"><strong>Actio Procesos &amp; Tecnolog\u00eda<\/strong><\/a> podemos servirles de ayuda y ejecutores de tramitar la solicitud al programa <strong>Industria Digitala 2019<\/strong>.<\/p>\n\n\n\n<p>Podr\u00e1s encontrar m\u00e1s informaci\u00f3n en la <a href=\"https:\/\/bit.ly\/2JXruoO\">Agencia vasca de desarrollo empresarial<\/a>.<\/p>\n<p>&nbsp;<\/p>\n<p><em>Art\u00edculo redactado por \u00c1lvaro de Tom\u00e1s<\/em><\/p>\n","protected":false},"excerpt":{"rendered":"<p>Ahora es el momento, la Agencia vasca de desarrollo empresarial (Grupo SPRI) ha lanzado el nuevo plan de ayudas y servicios para la incorporaci\u00f3n de las Tecnolog\u00edas de la Electr\u00f3nica, la Informaci\u00f3n y las Comunicaciones (TEICs) en las PYMES y grandes empresas, de car\u00e1cter industrial. El objetivo que promueve el Grupo SPRI es de dotar [&hellip;]<\/p>\n","protected":false},"author":92,"featured_media":10438,"comment_status":"open","ping_status":"open","sticky":false,"template":"","format":"standard","meta":{"_acf_changed":false,"om_disable_all_campaigns":false,"_genesis_hide_title":false,"_genesis_hide_breadcrumbs":false,"_genesis_hide_singular_image":false,"_genesis_hide_footer_widgets":false,"_genesis_custom_body_class":"","_genesis_custom_post_class":"","_genesis_layout":"","footnotes":""},"categories":[305],"tags":[201,238,246],"class_list":{"0":"post-5710","1":"post","2":"type-post","3":"status-publish","4":"format-standard","5":"has-post-thumbnail","7":"category-software-de-gestion","8":"tag-industria-4-0","9":"tag-software","10":"tag-tecnologia","11":"entry"},"acf":[],"aioseo_notices":[],"_links":{"self":[{"href":"https:\/\/www.integratecnologia.es\/la-innovacion-necesaria\/wp-json\/wp\/v2\/posts\/5710","targetHints":{"allow":["GET"]}}],"collection":[{"href":"https:\/\/www.integratecnologia.es\/la-innovacion-necesaria\/wp-json\/wp\/v2\/posts"}],"about":[{"href":"https:\/\/www.integratecnologia.es\/la-innovacion-necesaria\/wp-json\/wp\/v2\/types\/post"}],"author":[{"embeddable":true,"href":"https:\/\/www.integratecnologia.es\/la-innovacion-necesaria\/wp-json\/wp\/v2\/users\/92"}],"replies":[{"embeddable":true,"href":"https:\/\/www.integratecnologia.es\/la-innovacion-necesaria\/wp-json\/wp\/v2\/comments?post=5710"}],"version-history":[{"count":0,"href":"https:\/\/www.integratecnologia.es\/la-innovacion-necesaria\/wp-json\/wp\/v2\/posts\/5710\/revisions"}],"wp:featuredmedia":[{"embeddable":true,"href":"https:\/\/www.integratecnologia.es\/la-innovacion-necesaria\/wp-json\/wp\/v2\/media\/10438"}],"wp:attachment":[{"href":"https:\/\/www.integratecnologia.es\/la-innovacion-necesaria\/wp-json\/wp\/v2\/media?parent=5710"}],"wp:term":[{"taxonomy":"category","embeddable":true,"href":"https:\/\/www.integratecnologia.es\/la-innovacion-necesaria\/wp-json\/wp\/v2\/categories?post=5710"},{"taxonomy":"post_tag","embeddable":true,"href":"https:\/\/www.integratecnologia.es\/la-innovacion-necesaria\/wp-json\/wp\/v2\/tags?post=5710"}],"curies":[{"name":"wp","href":"https:\/\/api.w.org\/{rel}","templated":true}]}}