
  
{"id":5879,"date":"2020-12-11T09:15:35","date_gmt":"2020-12-11T08:15:35","guid":{"rendered":"https:\/\/www.integratecnologia.es\/la-innovacion-necesaria\/?p=5879"},"modified":"2023-12-26T18:13:00","modified_gmt":"2023-12-26T17:13:00","slug":"liderazgo-digital","status":"publish","type":"post","link":"https:\/\/www.integratecnologia.es\/la-innovacion-necesaria\/liderazgo-digital\/","title":{"rendered":"Liderazgo digital: M\u00e1s all\u00e1 de la transformaci\u00f3n"},"content":{"rendered":"<p>La digitalizaci\u00f3n ha pasado de ser un objetivo con el que las organizaciones pod\u00edan tratar a medio o largo plazo a una necesidad a la que el entorno nos empuja con celeridad. Para lograr el \u00e9xito en este proceso, en Integra hemos preparado junto a <a href=\"https:\/\/canalceo.com\/\" target=\"_blank\" rel=\"noreferrer noopener\" aria-label=\" (opens in a new tab)\">Canal CEO<\/a> un completo <a href=\"https:\/\/www.integratecnologia.es\/spotlight\/liderazgo-digital\" target=\"_blank\" rel=\"noreferrer noopener\" aria-label=\" (opens in a new tab)\">ebook<\/a> en el que compartimos nuestra visi\u00f3n sobre los l\u00edderes de este cambio junto a expertos en la materia, casos de \u00e9xito en los que hemos tenido la suerte de participar y las claves de nuestro modelo de trabajo. Una herramienta para inspirarte en el camino a tu liderazgo digital.<\/p>\n<p>Como consultora tecnol\u00f3gica, visualizamos el liderazgo digital desde una visi\u00f3n de transformaci\u00f3n cultural integral, la misma que desde hace m\u00e1s de 35 a\u00f1os de trayectoria hemos experimentado y aplicado de forma permanente nosotros mismos y para nuestros clientes. Una visi\u00f3n fundamentada en nuestro prop\u00f3sito, basada en la formaci\u00f3n y capacitaci\u00f3n de las personas, en el uso y ventajas de la digitalizaci\u00f3n y una cultura de anticipaci\u00f3n alineada con un objetivo que nos mueve como compa\u00f1\u00eda; contribuir a la sostenibilidad empresarial de nuestros clientes trabajando el ahora con visi\u00f3n del ma\u00f1ana. De todo esto trata este libro digital que puedes <a href=\"https:\/\/www.integratecnologia.es\/spotlight\/liderazgo-digital#extra\" target=\"_blank\" rel=\"noreferrer noopener\" aria-label=\" (opens in a new tab)\">descargar de forma gratuita<\/a> en nuestra web.<\/p>\n<div id=\"ez-toc-container\" class=\"ez-toc-v2_0_82_2 counter-hierarchy ez-toc-counter ez-toc-custom ez-toc-container-direction\">\n<div class=\"ez-toc-title-container\">\n<p class=\"ez-toc-title\" style=\"cursor:inherit\">\u00cdndice de contenidos <\/p>\n<span class=\"ez-toc-title-toggle\"><a href=\"#\" class=\"ez-toc-pull-right ez-toc-btn ez-toc-btn-xs ez-toc-btn-default ez-toc-toggle\" aria-label=\"Alternar tabla de contenidos\"><span class=\"ez-toc-js-icon-con\"><span class=\"\"><span class=\"eztoc-hide\" style=\"display:none;\">Toggle<\/span><span class=\"ez-toc-icon-toggle-span\"><svg style=\"fill: #3acdef;color:#3acdef\" xmlns=\"http:\/\/www.w3.org\/2000\/svg\" class=\"list-377408\" width=\"20px\" height=\"20px\" viewBox=\"0 0 24 24\" fill=\"none\"><path d=\"M6 6H4v2h2V6zm14 0H8v2h12V6zM4 11h2v2H4v-2zm16 0H8v2h12v-2zM4 16h2v2H4v-2zm16 0H8v2h12v-2z\" fill=\"currentColor\"><\/path><\/svg><svg style=\"fill: #3acdef;color:#3acdef\" class=\"arrow-unsorted-368013\" xmlns=\"http:\/\/www.w3.org\/2000\/svg\" width=\"10px\" height=\"10px\" viewBox=\"0 0 24 24\" version=\"1.2\" baseProfile=\"tiny\"><path d=\"M18.2 9.3l-6.2-6.3-6.2 6.3c-.2.2-.3.4-.3.7s.1.5.3.7c.2.2.4.3.7.3h11c.3 0 .5-.1.7-.3.2-.2.3-.5.3-.7s-.1-.5-.3-.7zM5.8 14.7l6.2 6.3 6.2-6.3c.2-.2.3-.5.3-.7s-.1-.5-.3-.7c-.2-.2-.4-.3-.7-.3h-11c-.3 0-.5.1-.7.3-.2.2-.3.5-.3.7s.1.5.3.7z\"\/><\/svg><\/span><\/span><\/span><\/a><\/span><\/div>\n<nav><ul class='ez-toc-list ez-toc-list-level-1 ' ><li class='ez-toc-page-1 ez-toc-heading-level-2'><a class=\"ez-toc-link ez-toc-heading-1\" href=\"https:\/\/www.integratecnologia.es\/la-innovacion-necesaria\/liderazgo-digital\/#%c2%bfquien-nos-acompana-en-esta-vision-de-liderazgo-digital\" >\u00bfQui\u00e9n nos acompa\u00f1a en esta visi\u00f3n de liderazgo digital?<\/a><\/li><li class='ez-toc-page-1 ez-toc-heading-level-2'><a class=\"ez-toc-link ez-toc-heading-2\" href=\"https:\/\/www.integratecnologia.es\/la-innovacion-necesaria\/liderazgo-digital\/#el-modelo-integra\" >El modelo Integra<\/a><\/li><li class='ez-toc-page-1 ez-toc-heading-level-2'><a class=\"ez-toc-link ez-toc-heading-3\" href=\"https:\/\/www.integratecnologia.es\/la-innovacion-necesaria\/liderazgo-digital\/#casos-de-exito\" >Casos de \u00e9xito<\/a><\/li><\/ul><\/nav><\/div>\n<h2><span class=\"ez-toc-section\" id=\"%c2%bfquien-nos-acompana-en-esta-vision-de-liderazgo-digital\"><\/span>\u00bfQui\u00e9n nos acompa\u00f1a en esta visi\u00f3n de liderazgo digital?<span class=\"ez-toc-section-end\"><\/span><\/h2>\n<p>En nuestro ebook \u201cLiderazgo digital: M\u00e1s all\u00e1 de la transformaci\u00f3n\u201d son las personas antes que la tecnolog\u00eda las que toman el protagonismo, ejerciendo de motor de cambio, evoluci\u00f3n y adaptaci\u00f3n. Una idea com\u00fan sobrevuela todas las opiniones que podr\u00e1s leer en este documento: \u201cRe\u00fane al mejor equipo que pueda complementar tu talento\u201d.<\/p>\n<p>Y todos estos cambios necesitan de un l\u00edder capaz de dar ejemplo y pensar en digital. Nacho Villoch, Llu\u00eds Soldevila, Silvia Leal y Pilar Ll\u00e1cer nos explican las caracter\u00edsticas principales que definen a los l\u00edderes del cambio. En un momento en el que la frontera entre online y offline se ha difuminado es necesario abandonar la mentalidad anal\u00f3gica y abrazar los nuevos ecosistemas y plataformas que enlazan ocio y negocio.<\/p>\n<p>Es momento de acumular talento, sin complejos o prejuicios, para hacer frente a los retos que requieren de gente dispuesta a emprender e innovar. Liderar con el ejemplo consiste en dar el primer paso para mostrar el camino a sus seguidores en los nuevos entornos 4.0 manteniendo motivados a los trabajadores y conectados a los clientes. Estamos en una \u00e9poca de incertidumbre en la que todos debemos reinventarnos buscando la excelencia y la creatividad.<\/p>\n<p><a class=\"lightbox\" href=\"https:\/\/www.integratecnologia.es\/la-innovacion-necesaria\/liderazgo-digital\/modelo-integra-liderazgo-digital\/\" rel=\"attachment wp-att-5880\"><img loading=\"lazy\" decoding=\"async\" class=\"aligncenter wp-image-5880 size-full\" src=\"https:\/\/www.integratecnologia.es\/la-innovacion-necesaria\/wp-content\/uploads\/2023\/12\/Modelo-Integra-Liderazgo-digital.png\" alt=\"Modelo Integra - Liderazgo digital\" width=\"825\" height=\"538\" \/><\/a><\/p>\n<h2><span class=\"ez-toc-section\" id=\"el-modelo-integra\"><\/span>El modelo Integra<span class=\"ez-toc-section-end\"><\/span><\/h2>\n<p>En la actualidad, las empresas afrontan un cambio de paradigma que las obliga a redise\u00f1ar sus estrategias y su visi\u00f3n corporativa para adaptarse con \u00e9xito a un contexto complejo e incierto. En esta coyuntura, acometer la transformaci\u00f3n digital y dar el salto a la venta online son pasos necesarios para la sostenibilidad y el crecimiento de las organizaciones.<\/p>\n<p>El proceso integral de digitalizaci\u00f3n de una compa\u00f1\u00eda tiene que servir, entre otras muchas cosas, para crear nuevos espacios de negocio. Debemos apostar por aquellas tecnolog\u00edas y estrategias que impulsen la generaci\u00f3n de ventas, automatizar procesos, integrarnos en los principales marketplaces y habilitar nuevas plataformas y herramientas. La nube, el Internet of Things (IoT), el dashboarding, los sistemas ERP, la creaci\u00f3n de campus virtuales y por supuesto invertir en ciberseguridad son el siguiente paso para adaptarse al teletrabajo e incrementar la eficiencia de los procesos clave de nuestra compa\u00f1\u00eda.<\/p>\n<p>Y como las personas son el centro de la digitalizaci\u00f3n, es necesario apostar por la formaci\u00f3n y la capacitaci\u00f3n de nuestros equipos potenciando la productividad y la colaboraci\u00f3n o preocup\u00e1ndonos por la experiencia del cliente y la atracci\u00f3n del talento. Conseguir la humanizaci\u00f3n de la marca implica adoptar nuevos ecosistemas de comunicaci\u00f3n, apostar por el branding y la RSC o poner en marcha nuevos modelos relacionales tanto internos como externos.<\/p>\n<p><a class=\"lightbox\" href=\"https:\/\/www.integratecnologia.es\/la-innovacion-necesaria\/liderazgo-digital\/exito-liderazgo-digital\/\" rel=\"attachment wp-att-5881\"><img loading=\"lazy\" decoding=\"async\" class=\"aligncenter wp-image-5881 size-full\" src=\"https:\/\/www.integratecnologia.es\/la-innovacion-necesaria\/wp-content\/uploads\/2023\/12\/Exito-Liderazgo-digital.png\" alt=\"\u00c9xito - Liderazgo digital\" width=\"825\" height=\"467\" \/><\/a><\/p>\n<h2><span class=\"ez-toc-section\" id=\"casos-de-exito\"><\/span>Casos de \u00e9xito<span class=\"ez-toc-section-end\"><\/span><\/h2>\n<p>Ya nos hemos enfrentado al reto de la digitalizaci\u00f3n con anterioridad, y aunque cada proyecto es una nueva oportunidad de empezar de cero sin ideas preconcebidas, queremos compartir con vosotros nuestras experiencias en casos de \u00e9xito de los que hemos tenido el orgullo de formar parte.<\/p>\n<ul>\n<li>Isabel Bajo Albarrac\u00edn de <a href=\"https:\/\/www.alimarket.es\/\" target=\"_blank\" rel=\"noreferrer noopener\" aria-label=\" (opens in a new tab)\">Alimarket<\/a> nos explica que la transformaci\u00f3n digital empieza en la cabeza de su CEO o en la cabeza del cuadro directivo, no es sencillo saber por d\u00f3nde empezar, pero es imprescindible saber por qu\u00e9. As\u00ed se logr\u00f3 la implantaci\u00f3n de una plataforma de marketing automation que mejor\u00f3 los procesos de segmentaci\u00f3n y conocimiento del cliente en su organizaci\u00f3n.<\/li>\n<\/ul>\n<ul>\n<li>En el caso de <a href=\"https:\/\/www.ibercaja.es\/\" target=\"_blank\" rel=\"noreferrer noopener\" aria-label=\" (opens in a new tab)\">Ibercaja<\/a>, Nacho Torre nos habla de las dos palancas de gesti\u00f3n clave para afrontar los retos de la digitalizaci\u00f3n: diferenciaci\u00f3n y adaptaci\u00f3n. Fue esta visi\u00f3n la que les permiti\u00f3 implantar nuevos modelos de anal\u00edtica avanzada y machine learning junto a Integra.<\/li>\n<\/ul>\n<ul>\n<li>Por \u00faltimo, Ignacio S\u00e1nchez de BMW-Goya Automoci\u00f3n nos cuenta su experiencia dentro de un sector que evoluciona extraordinariamente r\u00e1pido con la necesidad de conectarse a la industria 4.0 Para optimizar sus procesos se implement\u00f3 una herramienta inteligente de localizaci\u00f3n de veh\u00edculos basada en tecnolog\u00eda IoT: <a href=\"https:\/\/www.movertia.es\/\" target=\"_blank\" rel=\"noreferrer noopener\" aria-label=\" (opens in a new tab)\">Movertia<\/a>.<\/li>\n<\/ul>\n<p>En conclusi\u00f3n, antes de liderar la transformaci\u00f3n, debemos analizar en profundidad qui\u00e9nes somos, cu\u00e1l es nuestra esencia (la nuestra y la de nuestros clientes), ad\u00f3nde queremos llegar, y trazar el camino para ello rode\u00e1ndote del mejor equipo posible.<\/p>\n<p>Puedes <a href=\"https:\/\/www.integratecnologia.es\/spotlight\/liderazgo-digital\" target=\"_blank\" rel=\"noopener noreferrer\" aria-label=\" (opens in a new tab)\">descargar el ebook<\/a> completo de forma totalmente gratuita <a href=\"https:\/\/www.integratecnologia.es\/spotlight\/liderazgo-digital\" target=\"_blank\" rel=\"noopener noreferrer\">aqu\u00ed<\/a>.<\/p>\n","protected":false},"excerpt":{"rendered":"<p>La digitalizaci\u00f3n ha pasado de ser un objetivo con el que las organizaciones pod\u00edan tratar a medio o largo plazo a una necesidad a la que el entorno nos empuja con celeridad. Para lograr el \u00e9xito en este proceso, en Integra hemos preparado junto a Canal CEO un completo ebook en el que compartimos nuestra [&hellip;]<\/p>\n","protected":false},"author":107,"featured_media":10539,"comment_status":"open","ping_status":"open","sticky":false,"template":"","format":"standard","meta":{"_acf_changed":false,"om_disable_all_campaigns":false,"_genesis_hide_title":false,"_genesis_hide_breadcrumbs":false,"_genesis_hide_singular_image":false,"_genesis_hide_footer_widgets":false,"_genesis_custom_body_class":"","_genesis_custom_post_class":"","_genesis_layout":"","footnotes":""},"categories":[83,7],"tags":[293,116],"class_list":{"0":"post-5879","1":"post","2":"type-post","3":"status-publish","4":"format-standard","5":"has-post-thumbnail","7":"category-estrategia","8":"category-marketing-digital","9":"tag-digitalizacion","10":"tag-transformacion-digital","11":"entry"},"acf":[],"aioseo_notices":[],"_links":{"self":[{"href":"https:\/\/www.integratecnologia.es\/la-innovacion-necesaria\/wp-json\/wp\/v2\/posts\/5879","targetHints":{"allow":["GET"]}}],"collection":[{"href":"https:\/\/www.integratecnologia.es\/la-innovacion-necesaria\/wp-json\/wp\/v2\/posts"}],"about":[{"href":"https:\/\/www.integratecnologia.es\/la-innovacion-necesaria\/wp-json\/wp\/v2\/types\/post"}],"author":[{"embeddable":true,"href":"https:\/\/www.integratecnologia.es\/la-innovacion-necesaria\/wp-json\/wp\/v2\/users\/107"}],"replies":[{"embeddable":true,"href":"https:\/\/www.integratecnologia.es\/la-innovacion-necesaria\/wp-json\/wp\/v2\/comments?post=5879"}],"version-history":[{"count":0,"href":"https:\/\/www.integratecnologia.es\/la-innovacion-necesaria\/wp-json\/wp\/v2\/posts\/5879\/revisions"}],"wp:featuredmedia":[{"embeddable":true,"href":"https:\/\/www.integratecnologia.es\/la-innovacion-necesaria\/wp-json\/wp\/v2\/media\/10539"}],"wp:attachment":[{"href":"https:\/\/www.integratecnologia.es\/la-innovacion-necesaria\/wp-json\/wp\/v2\/media?parent=5879"}],"wp:term":[{"taxonomy":"category","embeddable":true,"href":"https:\/\/www.integratecnologia.es\/la-innovacion-necesaria\/wp-json\/wp\/v2\/categories?post=5879"},{"taxonomy":"post_tag","embeddable":true,"href":"https:\/\/www.integratecnologia.es\/la-innovacion-necesaria\/wp-json\/wp\/v2\/tags?post=5879"}],"curies":[{"name":"wp","href":"https:\/\/api.w.org\/{rel}","templated":true}]}}