
  
{"id":679,"date":"2016-01-04T10:15:16","date_gmt":"2016-01-04T09:15:16","guid":{"rendered":"https:\/\/www.integratecnologia.es\/la-innovacion-necesaria\/?p=679"},"modified":"2023-12-26T17:33:59","modified_gmt":"2023-12-26T16:33:59","slug":"la-convergencia-del-movil-y-el-escritorio","status":"publish","type":"post","link":"https:\/\/www.integratecnologia.es\/la-innovacion-necesaria\/la-convergencia-del-movil-y-el-escritorio\/","title":{"rendered":"La convergencia del m\u00f3vil y el escritorio"},"content":{"rendered":"<p>Llego a la oficina despu\u00e9s de estar todo el d\u00eda fuera. He tenido varias reuniones y visitas a clientes. Ahora tengo que responder correos y actualizar los datos de mi CRM y mi ERP, responder correos pendientes en Outlook, modificar datos de hojas Excel y terminar una\u00a0oferta. Veo modificaciones en un documento Word que tenemos compartido varios compa\u00f1eros del departamento y termino mi parte. Me centro ahora en la presentaci\u00f3n que tengo programada para el pr\u00f3ximo jueves, finiquito algunas <em>slide<\/em> con efectos y fotos que han incluido en el Power Point, actualizo la informaci\u00f3n con algunos datos de Internet, y fin. Momento para desconectar el m\u00f3vil de la base de expansi\u00f3n e irse a casa.<\/p>\n<p>\u00bfQu\u00e9 ha cambiado respecto del pasado de este relato diario tan com\u00fan?<\/p>\n<p><strong>El iPad fue el <i>killer<\/i> del PC.<\/strong> \u00bfHar\u00e1 lo mismo el m\u00f3vil con el iPad? A rey muerto, rey puesto, dicen por ah\u00ed. Hace apenas un lustro, pocos habr\u00edamos pensado que, durante la presentaci\u00f3n del iPad a cargo de Steve Jobs, ese <strong>nuevo dispositivo pod\u00eda convertirse en el sucesor del PC<\/strong>. Remont\u00e1ndonos a sus or\u00edgenes, parece que as\u00ed ha sido. A toro pasado podemos decir que fue el comienzo de un cambio en el <strong>consumo de informaci\u00f3n<\/strong>. Esto explicar\u00eda que desde entonces apenas se hayan vendido PCs para uso dom\u00e9stico. Todo han sido tabletas y port\u00e1tiles (excepto alg\u00fan que otro <i>all-in-one<\/i>).<\/p>\n<p>Media d\u00e9cada despu\u00e9s nos volvemos a preguntar qu\u00e9 va a pasar ahora tras\u00a0la salida de <strong>un nuevo dispositivo\u00a0que tiene muchas opciones de cambiar nuestra manera de realizar el trabajo<\/strong> diario. Este dispositivo\u00a0de Microsoft es<strong> una base de conexi\u00f3n para los nuevos m\u00f3viles Lumia con Windows 10 Mobile<\/strong>. Tienen dimensiones similares a un peque\u00f1o disco duro externo y nos permiten conectar el m\u00f3vil a una pantalla externa (resoluci\u00f3n 1900&#215;1080), un teclado y un rat\u00f3n. \u00a1Y listo!, ya tenemos un PC. Un PC con su Outlook, Word, Excel, PowerPoint\u2026 totalmente compatible con los que tenemos en nuestro PC\/Port\u00e1til.<\/p>\n<p>En esto es en lo que\u00a0se ha enfocado Microsoft para llevar a cabo la<strong> convergencia m\u00f3vil-escritorio<\/strong>. Un enfoque que se va materializando con su nuevo sistema operativo Windows 10 Mobile, sus nuevos dispositivos <strong>Lumia 950<\/strong> y <strong>950 XL<\/strong> y el nuevo concepto de aplicaciones universales. Con esta nueva estrategia, Microsoft quiere disponer de una <strong>plataforma com\u00fan<\/strong> de programaci\u00f3n para que los desarrolladores puedan <strong>realizar aplicaciones en Windows 10<\/strong> y sean <strong>operativas para PCs, port\u00e1tiles, tabletas y m\u00f3viles<\/strong> al mismo tiempo.<\/p>\n<p>Sin embargo, hay pocas aplicaciones que cumplan estos requisitos. La idea est\u00e1 en una fase inicial, pero las <strong>primeras pruebas<\/strong> que hemos realizado sobre documentos de ofim\u00e1tica y su compatibilidad, as\u00ed como su manejo, nos hacen albergar <strong>buenas esperanzas<\/strong>. Parecen revelar que podremos contar con una plataforma com\u00fan de gesti\u00f3n, administraci\u00f3n, producci\u00f3n y consumo de informaci\u00f3n sin los molestos cambios entre plataformas cuando quieres o necesitas esta movilidad.<\/p>\n<p>Aunque hay algunos <strong>esc\u00e9pticos<\/strong> ante estas nuevas funcionalidades, personalmente creo que se siguen dando <strong>pasos importantes<\/strong> en esta direcci\u00f3n. Las primeras aplicaciones universales salieron en Windows 8. Podemos decir que ahora estamos en la versi\u00f3n 2.0, pero me parece un buen comienzo el hecho de trabajar con informaci\u00f3n independiente de la plataforma, centr\u00e1ndome en el dato y en la importancia de la informaci\u00f3n. Se han dejado atr\u00e1s preocupaciones como el no poder hacer la presentaci\u00f3n por no tener bater\u00eda, haber olvidado el port\u00e1til o haber gastado m\u00e1s en la gesti\u00f3n de quien alberga el dato que en la <strong>gesti\u00f3n del propio dato<\/strong>, algo que no suma nada a la producci\u00f3n de la empresa.<\/p>\n<p>En breve haremos un an\u00e1lisis m\u00e1s exhaustivo de estos dispositivos para ampliar informaci\u00f3n, ya que a buen seguro vamos a hablar mucho de esto en los pr\u00f3ximos meses.<\/p>\n","protected":false},"excerpt":{"rendered":"<p>Llego a la oficina despu\u00e9s de estar todo el d\u00eda fuera. He tenido varias reuniones y visitas a clientes. Ahora tengo que responder correos y actualizar los datos de mi CRM y mi ERP, responder correos pendientes en Outlook, modificar datos de hojas Excel y terminar una\u00a0oferta. Veo modificaciones en un documento Word que tenemos [&hellip;]<\/p>\n","protected":false},"author":6,"featured_media":8493,"comment_status":"open","ping_status":"open","sticky":false,"template":"","format":"standard","meta":{"_acf_changed":false,"om_disable_all_campaigns":false,"_genesis_hide_title":false,"_genesis_hide_breadcrumbs":false,"_genesis_hide_singular_image":false,"_genesis_hide_footer_widgets":false,"_genesis_custom_body_class":"","_genesis_custom_post_class":"","_genesis_layout":"","footnotes":""},"categories":[365],"tags":[],"class_list":{"0":"post-679","1":"post","2":"type-post","3":"status-publish","4":"format-standard","5":"has-post-thumbnail","7":"category-tecnologia-para-la-empresa","8":"entry"},"acf":[],"aioseo_notices":[],"_links":{"self":[{"href":"https:\/\/www.integratecnologia.es\/la-innovacion-necesaria\/wp-json\/wp\/v2\/posts\/679","targetHints":{"allow":["GET"]}}],"collection":[{"href":"https:\/\/www.integratecnologia.es\/la-innovacion-necesaria\/wp-json\/wp\/v2\/posts"}],"about":[{"href":"https:\/\/www.integratecnologia.es\/la-innovacion-necesaria\/wp-json\/wp\/v2\/types\/post"}],"author":[{"embeddable":true,"href":"https:\/\/www.integratecnologia.es\/la-innovacion-necesaria\/wp-json\/wp\/v2\/users\/6"}],"replies":[{"embeddable":true,"href":"https:\/\/www.integratecnologia.es\/la-innovacion-necesaria\/wp-json\/wp\/v2\/comments?post=679"}],"version-history":[{"count":0,"href":"https:\/\/www.integratecnologia.es\/la-innovacion-necesaria\/wp-json\/wp\/v2\/posts\/679\/revisions"}],"wp:featuredmedia":[{"embeddable":true,"href":"https:\/\/www.integratecnologia.es\/la-innovacion-necesaria\/wp-json\/wp\/v2\/media\/8493"}],"wp:attachment":[{"href":"https:\/\/www.integratecnologia.es\/la-innovacion-necesaria\/wp-json\/wp\/v2\/media?parent=679"}],"wp:term":[{"taxonomy":"category","embeddable":true,"href":"https:\/\/www.integratecnologia.es\/la-innovacion-necesaria\/wp-json\/wp\/v2\/categories?post=679"},{"taxonomy":"post_tag","embeddable":true,"href":"https:\/\/www.integratecnologia.es\/la-innovacion-necesaria\/wp-json\/wp\/v2\/tags?post=679"}],"curies":[{"name":"wp","href":"https:\/\/api.w.org\/{rel}","templated":true}]}}