
  
{"id":149,"name":"Mirian Temprado","url":"https:\/\/www.integratecnologia.es\/la-innovacion-necesaria\/author\/mtemprado_integra\/","description":"Soy consultora de Negocio en Integra desde el a\u00f1o 2017. Mi vida laboral, desde mis primeros pasos hasta hoy, se ha basado en el trato directo con el cliente. Siempre me he movido en el imparable mundo de las comunicaciones y la tecnolog\u00eda del que cada d\u00eda aprendo un poco m\u00e1s. Del mismo modo, le doy una gran importancia a lo que d\u00eda a d\u00eda aprendo de las personas (dentro y fuera de mi organizaci\u00f3n). Me gustan los retos, el compa\u00f1erismo, afronto los cambios como oportunidades y creo firmemente que sin pasi\u00f3n no hay manera humana de alcanzar los logros a los que queremos llegar.\r\n\r\n\u00bfEn lo personal? Me ilusionan y s\u00e9 disfrutar de las peque\u00f1as cosas. Mi ni\u00f1o es el motor de mi vida y me encanta disfrutar de buenos amigos y familia. \u00a1Y mi gran vicio\u2026la m\u00fasica! Ya que siempre he considerado que hay una canci\u00f3n para cada momento","link":"https:\/\/www.integratecnologia.es\/la-innovacion-necesaria\/author\/mtemprado_integra\/","slug":"mtemprado_integra","avatar_urls":{"24":"https:\/\/www.integratecnologia.es\/la-innovacion-necesaria\/wp-content\/uploads\/2024\/02\/Mirian-Temprado-75x75.jpg","48":"https:\/\/www.integratecnologia.es\/la-innovacion-necesaria\/wp-content\/uploads\/2024\/02\/Mirian-Temprado-75x75.jpg","96":"https:\/\/www.integratecnologia.es\/la-innovacion-necesaria\/wp-content\/uploads\/2024\/02\/Mirian-Temprado-150x150.jpg"},"meta":[],"acf":[],"_links":{"self":[{"href":"https:\/\/www.integratecnologia.es\/la-innovacion-necesaria\/wp-json\/wp\/v2\/users\/149","targetHints":{"allow":["GET"]}}],"collection":[{"href":"https:\/\/www.integratecnologia.es\/la-innovacion-necesaria\/wp-json\/wp\/v2\/users"}]}}