
  
{"id":24,"name":"Carlos Gac\u00edas","url":"https:\/\/www.integratecnologia.es\/la-innovacion-necesaria\/author\/cgacias_efor\/","description":"Llevo construyendo sue\u00f1os m\u00e1s de 28 a\u00f1os en el mundo de la comunicaci\u00f3n.\r\nActualmente soy Director de la agencia de comunicaci\u00f3n \u201cSinPalabras Creativos\u201d, Director y Realizador de los programas de TV \u201cDentro Nieve\u201d, \"Me Gusta Arag\u00f3n\", \"Made In Arag\u00f3n\" e \"INICIA\", adem\u00e1s de Formador en el \u201cCentro de Tecnolog\u00edas Avanzadas\u201d y en UADIN Business School.\r\nMi trayectoria profesional me ha llevado a trabajar en todos y cada uno de los campos de la comunicaci\u00f3n corporativa empresarial e institucional, y en la direcci\u00f3n y producci\u00f3n televisiva, donde he adquirido toda la experiencia tanto t\u00e9cnica como art\u00edstica en un entorno excesivamente cambiante.\r\nMi experiencia abarca desde la direcci\u00f3n y estrategia en comunicaci\u00f3n, el marketing y la direcci\u00f3n y realizaci\u00f3n de programas televisivos, reportajes, spots, v\u00eddeos corporativos, videoclips musicales, institucionales, documentales\u2026\r\nDesde 1987 estoy en el sector de la comunicaci\u00f3n siendo director creativo y director de cuentas en cada una de las empresas que he fundado (\u201cEstudio 55\u201d, \u201cOn Comunicaci\u00f3n\u201d y \u201cSinPalabras Creativos\u201d)\u2026 toda una vida dedicada a aprender y comunicar.","link":"https:\/\/www.integratecnologia.es\/la-innovacion-necesaria\/author\/cgacias_efor\/","slug":"cgacias_efor","avatar_urls":{"24":"https:\/\/www.integratecnologia.es\/la-innovacion-necesaria\/wp-content\/uploads\/2016\/04\/carlos-gacias-cover-e1700667464132-75x75.jpg","48":"https:\/\/www.integratecnologia.es\/la-innovacion-necesaria\/wp-content\/uploads\/2016\/04\/carlos-gacias-cover-e1700667464132-75x75.jpg","96":"https:\/\/www.integratecnologia.es\/la-innovacion-necesaria\/wp-content\/uploads\/2016\/04\/carlos-gacias-cover-e1700667464132-150x150.jpg"},"meta":[],"acf":[],"_links":{"self":[{"href":"https:\/\/www.integratecnologia.es\/la-innovacion-necesaria\/wp-json\/wp\/v2\/users\/24","targetHints":{"allow":["GET"]}}],"collection":[{"href":"https:\/\/www.integratecnologia.es\/la-innovacion-necesaria\/wp-json\/wp\/v2\/users"}]}}