
  
{"id":46,"name":"Gabriel Garc\u00eda Rubio","url":"https:\/\/www.integratecnologia.es\/la-innovacion-necesaria\/author\/ggarciarubio_efor\/","description":"Desde que empec\u00e9 a estudiar Ingenier\u00eda Electr\u00f3nica hice m\u00eda una frase: \"si soy la persona m\u00e1s inteligente de la sala, me encuentro en la sala equivocada\". Nunca he dejado de querer aprender, sobre todo, en lo referente a la tecnolog\u00eda. He combinado mis estudios con una constante generaci\u00f3n de ideas, lo que me ha llevado a encontrar un hueco en el mundo de la consultor\u00eda. Muchos son los que me dicen que tengo suerte, pero yo les digo que \u00e9sta es una mezcla entre preparaci\u00f3n y oportunidad. Aprend\u00ed lo que es el esfuerzo por encima de 3.000 metros de altura y solo entiendo el liderazgo como sacrificio y servicio. ''Un problema sin soluci\u00f3n, no es un problema''.","link":"https:\/\/www.integratecnologia.es\/la-innovacion-necesaria\/author\/ggarciarubio_efor\/","slug":"ggarciarubio_efor","avatar_urls":{"24":"https:\/\/www.integratecnologia.es\/la-innovacion-necesaria\/wp-content\/uploads\/2022\/11\/gabriel-80x80.png","48":"https:\/\/www.integratecnologia.es\/la-innovacion-necesaria\/wp-content\/uploads\/2022\/11\/gabriel-80x80.png","96":"https:\/\/www.integratecnologia.es\/la-innovacion-necesaria\/wp-content\/uploads\/2022\/11\/gabriel.png"},"meta":[],"acf":[],"_links":{"self":[{"href":"https:\/\/www.integratecnologia.es\/la-innovacion-necesaria\/wp-json\/wp\/v2\/users\/46","targetHints":{"allow":["GET"]}}],"collection":[{"href":"https:\/\/www.integratecnologia.es\/la-innovacion-necesaria\/wp-json\/wp\/v2\/users"}]}}