
  
{"id":93,"name":"Mar\u00eda Mateo","url":"https:\/\/www.integratecnologia.es\/la-innovacion-necesaria\/author\/mmateo_efor\/","description":"Entusiasta y so\u00f1adora, son las palabras que mejor me definen. Estudi\u00e9 Ingenier\u00eda de Dise\u00f1o Industrial y Desarrollo de Producto porque ten\u00eda claro que quer\u00eda utilizar mi imaginaci\u00f3n para desarrollar soluciones reales que resolvieran las necesidades de nuestro d\u00eda a d\u00eda. Gracias a la carrera, he podido formarme de manera transversal en diferentes disciplinas como el dise\u00f1o 3D, el dise\u00f1o gr\u00e1fico, la electr\u00f3nica, o el desarrollo de negocio, lo que me permite afrontar los proyectos desde una perspectiva m\u00e1s global. En el equipo de IoT, participo sobretodo en la fase de conceptualizaci\u00f3n de la soluci\u00f3n y en la fase de dise\u00f1o de la interfaz final. Me gusta volcarme en cada proyecto, escuchar al cliente y ponerme en su lugar para conseguir hablar su mismo idioma. Creo que la ilusi\u00f3n por lo que haces, es la clave del \u00e9xito en tu trabajo.","link":"https:\/\/www.integratecnologia.es\/la-innovacion-necesaria\/author\/mmateo_efor\/","slug":"mmateo_efor","avatar_urls":{"24":"https:\/\/www.integratecnologia.es\/la-innovacion-necesaria\/wp-content\/uploads\/2020\/03\/maria-80x80.jpg","48":"https:\/\/www.integratecnologia.es\/la-innovacion-necesaria\/wp-content\/uploads\/2020\/03\/maria-80x80.jpg","96":"https:\/\/www.integratecnologia.es\/la-innovacion-necesaria\/wp-content\/uploads\/2020\/03\/maria.jpg"},"meta":[],"acf":[],"_links":{"self":[{"href":"https:\/\/www.integratecnologia.es\/la-innovacion-necesaria\/wp-json\/wp\/v2\/users\/93","targetHints":{"allow":["GET"]}}],"collection":[{"href":"https:\/\/www.integratecnologia.es\/la-innovacion-necesaria\/wp-json\/wp\/v2\/users"}]}}